{"id":984,"date":"2022-10-06T13:59:46","date_gmt":"2022-10-06T11:59:46","guid":{"rendered":"https:\/\/bdr-hamburg.de\/?p=984"},"modified":"2025-07-21T18:17:19","modified_gmt":"2025-07-21T16:17:19","slug":"35-deutscher-rechtspflegertag-sowie-kongress-der-europaeischen-union-der-rechtspfleger-e-u-r-in-berlin","status":"publish","type":"post","link":"https:\/\/bdr-hamburg.de\/?p=984","title":{"rendered":"35. Deutscher Rechtspflegertag sowie Kongress der Europ\u00e4ischen Union der Rechtspfleger E. U. R. in Berlin"},"content":{"rendered":"<p>Nach vorhergehender Sitzung des BDR-Pr\u00e4sidiums am 13.09.2022 fand vom 14. \u2013 16.09.2022 der 35. Deutsche Rechtspflegertag in Berlin statt. Der 35. Deutsche Rechtspflegertag, welcher eigentlich f\u00fcr das Jahr 2020 bereits angesetzt war und corona-bedingt mehrfach verschoben werden musste, trug als Thema<strong>\u00a0&#8222;Bedrohung der Rechtsstaatlichkeit in Europa&#8220;. Bei der Wahl des Themas ist unstreitig, dass die Rechtspflegerinnen und Rechtspfleger in Deutschland die rechtspolitische Entwicklung von teilweise benachbarten L\u00e4ndern mit Sorge erf\u00fcllt. Dass das Thema im Jahr 2022 noch weitere, ebenfalls erschreckende Aspekte beinhaltet, macht es leider nur umso aktueller und wichtiger. <\/strong>Insbesondere zu diesem Thema fand am 15. September 2022 die \u00f6ffentliche Veranstaltung mit Vertretern der Wirtschaft, der Politik und der Wissenschaft statt in der Urania. Den Festvortrag hielt Prof. Dr. Dirk Hanschel von der Martin-Luther-Universit\u00e4t Halle-Wittenberg. Ebenfalls der Bundesminister der Justiz, Dr. Marco Buschmann, war als Vertreter der Bundesregierung geladen und stellte die Wichtigkeit des Rechtsstaats insbesondere in derart schwierigen Zeiten in seiner Rede dar.<\/p>\n<p>Ebenfalls die Bundesleitung wurde vom Rechtspflegertag neu gew\u00e4hlt. Einstimmig wurde dabei der Bundesvorsitzende, Mario Bl\u00f6dtner, in seinem Amt best\u00e4tigt. Auch die stellvertretenden Vorsitzenden Christine Hofstetter, Manfred Georg, Elke Strauss und Achim M\u00fcller wurden im Amt best\u00e4tigt. Der Rechtspflegertag hat dar\u00fcber hinaus Kristina Fuhs und Ralf Behling als \u00d6ffentlichkeitsreferent gew\u00e4hlt.<\/p>\n<p>Ebenfalls konnten im Rahmen der Arbeitskreise die aktuellen Fragen bspw. zum Statusrecht des Rechtspflegers oder auch zum Europ\u00e4ischen Nachlasszeugnis eruiert und diesbez\u00fcgliche Entschlie\u00dfungen getroffen werden.<\/p>\n<p>Der Rechtspflegertag als h\u00f6chstes Gremium des BDR Bunds stellt die Weichen f\u00fcr die T\u00e4tigkeit des BDR in den n\u00e4chsten vier Jahren bis zum folgenden Rechtspflegertag. Der 35. Deutsche Rechtspflegertag hat dazu Entscheidungen getroffen, wof\u00fcr sich der BDR rechts- und standespolitisch stark machen soll.<\/p>\n<p>Sehr gefreut hat dabei den BDR Hamburg, dass die Antr\u00e4ge der L\u00e4nder Bremen, Hamburg, Schleswig-Holstein und Berlin f\u00fcr eine Abschaffung des \u00a7 7 RPflG sowie f\u00fcr eine inhaltliche \u00c4nderung des \u00a7 20 Abs. 1 Nr. 17 RPflG mit gro\u00dfer Mehrheit angenommen wurden.<\/p>\n<p>Der BDR Hamburg konnte mit insgesamt 12 Mitgliedern am 35. Deutschen Rechtspflegertag teilnehmen und damit nicht nur Mitgliedern spannende Einblicke in die T\u00e4tigkeiten als Interessensvertreter erm\u00f6glichen, sondern damit ebenfalls den Austausch zwischen Rechtspflegerinnen und Rechtspfleger anderer Bundesl\u00e4nder und \u2013 da leicht zeitversetzt auch der Kongress der E. U. R. stattfand \u2013 anderer Nationen, wie beispielsweise Italien oder auch S\u00fcdkorea, m\u00f6glich zu machen. Dar\u00fcber hinaus hat der gastgebende Landesverband BDR Berlin ein charmantes Rahmenprogramm auf die Beine gestellt, um auch den G\u00e4sten des Rechtspflegertags eine nette Atmosph\u00e4re f\u00fcr gute Gespr\u00e4che zu erm\u00f6glichen.<\/p>\n<p>Weiteres finden Sie in diesem Bericht: <a href=\"https:\/\/www.bdr-online.de\/fileadmin\/user_upload\/www_bdr-online_de\/pdf\/2022\/Rechtspflegertag_2022.pdf\">https:\/\/www.bdr-online.de\/fileadmin\/user_upload\/www_bdr-online_de\/pdf\/2022\/Rechtspflegertag_2022.pdf<\/a><\/p>\n<p>(Text: S\u00f6ren Sauer)<\/p>\n<p><img loading=\"lazy\" decoding=\"async\" class=\"aligncenter wp-image-987 size-full\" src=\"https:\/\/bdr-hamburg.de\/wp-content\/uploads\/bdrrpfltag2022-2.jpg\" alt=\"\" width=\"678\" height=\"381\" srcset=\"https:\/\/bdr-hamburg.de\/wp-content\/uploads\/bdrrpfltag2022-2.jpg 678w, https:\/\/bdr-hamburg.de\/wp-content\/uploads\/bdrrpfltag2022-2-300x169.jpg 300w\" sizes=\"auto, (max-width: 678px) 100vw, 678px\" \/><\/p>\n<p><img loading=\"lazy\" decoding=\"async\" class=\"size-full wp-image-988 aligncenter\" src=\"https:\/\/bdr-hamburg.de\/wp-content\/uploads\/bdrrpfltag2022-3.jpg\" alt=\"\" width=\"678\" height=\"381\" srcset=\"https:\/\/bdr-hamburg.de\/wp-content\/uploads\/bdrrpfltag2022-3.jpg 678w, https:\/\/bdr-hamburg.de\/wp-content\/uploads\/bdrrpfltag2022-3-300x169.jpg 300w\" sizes=\"auto, (max-width: 678px) 100vw, 678px\" \/><\/p>\n<p><img loading=\"lazy\" decoding=\"async\" class=\"size-full wp-image-989 aligncenter\" src=\"https:\/\/bdr-hamburg.de\/wp-content\/uploads\/bdrrpfltag2022-4.jpg\" alt=\"\" width=\"678\" height=\"381\" srcset=\"https:\/\/bdr-hamburg.de\/wp-content\/uploads\/bdrrpfltag2022-4.jpg 678w, https:\/\/bdr-hamburg.de\/wp-content\/uploads\/bdrrpfltag2022-4-300x169.jpg 300w\" sizes=\"auto, (max-width: 678px) 100vw, 678px\" \/><\/p>\n<p><img loading=\"lazy\" decoding=\"async\" class=\"size-full wp-image-990 aligncenter\" src=\"https:\/\/bdr-hamburg.de\/wp-content\/uploads\/bdrrpfltag2022-5.jpg\" alt=\"\" width=\"678\" height=\"381\" srcset=\"https:\/\/bdr-hamburg.de\/wp-content\/uploads\/bdrrpfltag2022-5.jpg 678w, https:\/\/bdr-hamburg.de\/wp-content\/uploads\/bdrrpfltag2022-5-300x169.jpg 300w\" sizes=\"auto, (max-width: 678px) 100vw, 678px\" \/><\/p>\n","protected":false},"excerpt":{"rendered":"<div class=\"mh-excerpt\"><p>Nach vorhergehender Sitzung des BDR-Pr\u00e4sidiums am 13.09.2022 fand vom 14. \u2013 16.09.2022 der 35. Deutsche Rechtspflegertag in Berlin statt. Der 35. Deutsche Rechtspflegertag, welcher eigentlich <a class=\"mh-excerpt-more\" href=\"https:\/\/bdr-hamburg.de\/?p=984\" title=\"35. Deutscher Rechtspflegertag sowie Kongress der Europ\u00e4ischen Union der Rechtspfleger E. U. R. in Berlin\">[&#8230;]<\/a><\/p>\n<\/div>","protected":false},"author":1,"featured_media":986,"comment_status":"closed","ping_status":"open","sticky":false,"template":"","format":"standard","meta":{"_crdt_document":"","cybocfi_hide_featured_image":"","footnotes":""},"categories":[1,7],"tags":[],"class_list":["post-984","post","type-post","status-publish","format-standard","has-post-thumbnail","hentry","category-aktuelles","category-veranstaltungen"],"_links":{"self":[{"href":"https:\/\/bdr-hamburg.de\/index.php?rest_route=\/wp\/v2\/posts\/984","targetHints":{"allow":["GET"]}}],"collection":[{"href":"https:\/\/bdr-hamburg.de\/index.php?rest_route=\/wp\/v2\/posts"}],"about":[{"href":"https:\/\/bdr-hamburg.de\/index.php?rest_route=\/wp\/v2\/types\/post"}],"author":[{"embeddable":true,"href":"https:\/\/bdr-hamburg.de\/index.php?rest_route=\/wp\/v2\/users\/1"}],"replies":[{"embeddable":true,"href":"https:\/\/bdr-hamburg.de\/index.php?rest_route=%2Fwp%2Fv2%2Fcomments&post=984"}],"version-history":[{"count":9,"href":"https:\/\/bdr-hamburg.de\/index.php?rest_route=\/wp\/v2\/posts\/984\/revisions"}],"predecessor-version":[{"id":1014,"href":"https:\/\/bdr-hamburg.de\/index.php?rest_route=\/wp\/v2\/posts\/984\/revisions\/1014"}],"wp:featuredmedia":[{"embeddable":true,"href":"https:\/\/bdr-hamburg.de\/index.php?rest_route=\/wp\/v2\/media\/986"}],"wp:attachment":[{"href":"https:\/\/bdr-hamburg.de\/index.php?rest_route=%2Fwp%2Fv2%2Fmedia&parent=984"}],"wp:term":[{"taxonomy":"category","embeddable":true,"href":"https:\/\/bdr-hamburg.de\/index.php?rest_route=%2Fwp%2Fv2%2Fcategories&post=984"},{"taxonomy":"post_tag","embeddable":true,"href":"https:\/\/bdr-hamburg.de\/index.php?rest_route=%2Fwp%2Fv2%2Ftags&post=984"}],"curies":[{"name":"wp","href":"https:\/\/api.w.org\/{rel}","templated":true}]}}