{"id":942,"date":"2022-06-22T19:23:55","date_gmt":"2022-06-22T17:23:55","guid":{"rendered":"https:\/\/bdr-hamburg.de\/?p=942"},"modified":"2025-07-21T18:16:08","modified_gmt":"2025-07-21T16:16:08","slug":"justizpolitisches-bdr-sommerfest-in-berlin","status":"publish","type":"post","link":"https:\/\/bdr-hamburg.de\/?p=942","title":{"rendered":"Justizpolitisches BDR-Sommerfest in Berlin"},"content":{"rendered":"\n<p class=\"wp-block-paragraph\">Am 20.06.2022 war es nach langer Corona-Pause endlich wieder soweit: Im Oberverwaltungsgericht Berlin-Brandenburg am Zoologischen Garten fand die gro\u00dfe Veranstaltung des Sommers f\u00fcr die Interessensvertretungen der Rechtspflegerinnen und Rechtspfleger in Deutschland statt. Auf Einladung des Bunds Deutscher Rechtspfleger, dem Deutschen Amtsanwaltsverein und dem Deutschen Gerichtsvollzieher Bund bot das Gemeinsame Sommerfest wieder Anlass, den Austausch \u00fcber die T\u00e4tigkeiten der Rechtspflegerinnen und Rechtspfleger und die Herausforderungen (in) der Justiz mit Abgeordneten des Deutschen Bundestags, Delegierten des Bundesministeriums f\u00fcr Justiz und Verbraucherschutz als auch mit Pr\u00e4sidentinnen und Pr\u00e4sidenten aus den Gerichtsbarkeiten in angenehmer Atmosph\u00e4re zu f\u00f6rdern.<\/p>\n\n\n\n<p class=\"wp-block-paragraph\">Ganz besonders im Fokus und als Leitmotiv der Veranstaltung war der \u201eFlickenteppich als Bodenbelag f\u00fcr Justitia\u201c und die Vor- und Nachteile des F\u00f6deralismus in der Justiz. Als Gastredner f\u00fcr dieses Thema konnte der Pr\u00e4sident des Verfassungsgerichtshofs f\u00fcr das Land Baden-W\u00fcrttemberg und Pr\u00e4sident des Verwaltungsgerichts Stuttgart, Dr. Malte Gra\u00dfhof, gewonnen werden. Dieser wies in seiner gleicherma\u00dfen launigen wie nachdenklich machende Rede auf die besondere Bedeutung von Landesjustizverwaltungen, wie der Beh\u00f6rde f\u00fcr Justiz und Verbraucherschutz Hamburg, bei der effektiven Rechtschutzgew\u00e4hrung f\u00fcr die B\u00fcrgerinnen und B\u00fcrger durch das Stellen eines gut ausgebildeten und angemessen vorhandenen Personalk\u00f6rpers hin. Nur in einem sinnvollen Zusammenspiel zwischen Bund- und L\u00e4nderkompetenzen kann Rechtsstaatlichkeit funktionieren.<\/p>\n\n\n\n<p class=\"wp-block-paragraph\">Inhaltlich der Rede des baden-w\u00fcrttembergischen Verfassungsgerichtspr\u00e4sidenten folgend, best\u00e4tigte der Bundesvorsitzendes des BDR, Mario Bl\u00f6dtner, erneut die bekannte Forderung der Rechtspflegerinnen und Rechtspfleger: Die Vereinbarung zwischen dem Bund und den L\u00e4ndern \u201ePakt f\u00fcr den Rechtsstaat\u201c muss nicht nur fortgeschrieben werden, sondern auch Rechtspflegerinnen und Rechtspfleger, die ihre wichtigen Beitrag zur Funktionsf\u00e4higkeit des Rechtsstaats liefern und f\u00fcr viele B\u00fcrgerinnen und B\u00fcrger unmittelbarer Ansprechpartner in den Gerichten und Staatsanwaltschaften sind, m\u00fcssen in diesem gest\u00e4rkt werden!<\/p>\n\n\n\n<p class=\"wp-block-paragraph\">Nur ein f\u00fcr die Aufgabe gewappneter Personalk\u00f6rper der Justiz ist in der Lage, den Aufgaben und Herausforderungen, die die B\u00fcrgerinnen und B\u00fcrger zu Recht an die Gerichte und Staatsanwaltschaften herantragen, gerecht zu werden!<\/p>\n\n\n\n<p class=\"wp-block-paragraph\">F\u00fcr den BDR Hamburg nahm der Landesvorsitzende S\u00f6ren Georg Sauer teil.<\/p>\n\n\n\n<div class=\"wp-block-group\"><div class=\"wp-block-group__inner-container is-layout-flow wp-block-group-is-layout-flow\"><div class=\"wp-block-image\">\n<figure class=\"aligncenter size-full is-resized\"><img loading=\"lazy\" decoding=\"async\" src=\"https:\/\/bdr-hamburg.de\/wp-content\/uploads\/bdrsommerfest2022-1.jpg\" alt=\"\" class=\"wp-image-948\" width=\"283\" height=\"377\" srcset=\"https:\/\/bdr-hamburg.de\/wp-content\/uploads\/bdrsommerfest2022-1.jpg 286w, https:\/\/bdr-hamburg.de\/wp-content\/uploads\/bdrsommerfest2022-1-225x300.jpg 225w\" sizes=\"auto, (max-width: 283px) 100vw, 283px\" \/><\/figure>\n<\/div><\/div><\/div>\n\n\n<div class=\"wp-block-image\">\n<figure class=\"aligncenter size-full\"><img loading=\"lazy\" decoding=\"async\" width=\"286\" height=\"381\" src=\"https:\/\/bdr-hamburg.de\/wp-content\/uploads\/bdrsommerfest2022-3.jpg\" alt=\"\" class=\"wp-image-945\" srcset=\"https:\/\/bdr-hamburg.de\/wp-content\/uploads\/bdrsommerfest2022-3.jpg 286w, https:\/\/bdr-hamburg.de\/wp-content\/uploads\/bdrsommerfest2022-3-225x300.jpg 225w\" sizes=\"auto, (max-width: 286px) 100vw, 286px\" \/><\/figure>\n<\/div>\n\n<div class=\"wp-block-image\">\n<figure class=\"aligncenter size-full is-resized\"><img loading=\"lazy\" decoding=\"async\" src=\"https:\/\/bdr-hamburg.de\/wp-content\/uploads\/bdrsommerfest2022-4.jpg\" alt=\"\" class=\"wp-image-946\" width=\"286\" height=\"381\" srcset=\"https:\/\/bdr-hamburg.de\/wp-content\/uploads\/bdrsommerfest2022-4.jpg 286w, https:\/\/bdr-hamburg.de\/wp-content\/uploads\/bdrsommerfest2022-4-225x300.jpg 225w\" sizes=\"auto, (max-width: 286px) 100vw, 286px\" \/><\/figure>\n<\/div>\n\n<div class=\"wp-block-image\">\n<figure class=\"aligncenter size-full\"><img loading=\"lazy\" decoding=\"async\" width=\"286\" height=\"381\" src=\"https:\/\/bdr-hamburg.de\/wp-content\/uploads\/bdrsommerfest2022-5.jpg\" alt=\"\" class=\"wp-image-947\" srcset=\"https:\/\/bdr-hamburg.de\/wp-content\/uploads\/bdrsommerfest2022-5.jpg 286w, https:\/\/bdr-hamburg.de\/wp-content\/uploads\/bdrsommerfest2022-5-225x300.jpg 225w\" sizes=\"auto, (max-width: 286px) 100vw, 286px\" \/><\/figure>\n<\/div>\n\n\n<p class=\"wp-block-paragraph\">(Text und Fotos: S\u00f6ren G. Sauer)<\/p>\n","protected":false},"excerpt":{"rendered":"<div class=\"mh-excerpt\"><p>Am 20.06.2022 war es nach langer Corona-Pause endlich wieder soweit: Im Oberverwaltungsgericht Berlin-Brandenburg am Zoologischen Garten fand die gro\u00dfe Veranstaltung des Sommers f\u00fcr die Interessensvertretungen <a class=\"mh-excerpt-more\" href=\"https:\/\/bdr-hamburg.de\/?p=942\" title=\"Justizpolitisches BDR-Sommerfest in Berlin\">[&#8230;]<\/a><\/p>\n<\/div>","protected":false},"author":1,"featured_media":943,"comment_status":"closed","ping_status":"open","sticky":false,"template":"","format":"standard","meta":{"_crdt_document":"","cybocfi_hide_featured_image":"","footnotes":""},"categories":[1,7],"tags":[],"class_list":["post-942","post","type-post","status-publish","format-standard","has-post-thumbnail","hentry","category-aktuelles","category-veranstaltungen"],"_links":{"self":[{"href":"https:\/\/bdr-hamburg.de\/index.php?rest_route=\/wp\/v2\/posts\/942","targetHints":{"allow":["GET"]}}],"collection":[{"href":"https:\/\/bdr-hamburg.de\/index.php?rest_route=\/wp\/v2\/posts"}],"about":[{"href":"https:\/\/bdr-hamburg.de\/index.php?rest_route=\/wp\/v2\/types\/post"}],"author":[{"embeddable":true,"href":"https:\/\/bdr-hamburg.de\/index.php?rest_route=\/wp\/v2\/users\/1"}],"replies":[{"embeddable":true,"href":"https:\/\/bdr-hamburg.de\/index.php?rest_route=%2Fwp%2Fv2%2Fcomments&post=942"}],"version-history":[{"count":7,"href":"https:\/\/bdr-hamburg.de\/index.php?rest_route=\/wp\/v2\/posts\/942\/revisions"}],"predecessor-version":[{"id":955,"href":"https:\/\/bdr-hamburg.de\/index.php?rest_route=\/wp\/v2\/posts\/942\/revisions\/955"}],"wp:featuredmedia":[{"embeddable":true,"href":"https:\/\/bdr-hamburg.de\/index.php?rest_route=\/wp\/v2\/media\/943"}],"wp:attachment":[{"href":"https:\/\/bdr-hamburg.de\/index.php?rest_route=%2Fwp%2Fv2%2Fmedia&parent=942"}],"wp:term":[{"taxonomy":"category","embeddable":true,"href":"https:\/\/bdr-hamburg.de\/index.php?rest_route=%2Fwp%2Fv2%2Fcategories&post=942"},{"taxonomy":"post_tag","embeddable":true,"href":"https:\/\/bdr-hamburg.de\/index.php?rest_route=%2Fwp%2Fv2%2Ftags&post=942"}],"curies":[{"name":"wp","href":"https:\/\/api.w.org\/{rel}","templated":true}]}}