{"id":892,"date":"2022-06-16T20:15:45","date_gmt":"2022-06-16T18:15:45","guid":{"rendered":"https:\/\/bdr-hamburg.de\/?p=892"},"modified":"2025-07-21T18:16:08","modified_gmt":"2025-07-21T16:16:08","slug":"teilnahme-am-sommerfest-der-spd-buergerschaftsfraktion","status":"publish","type":"post","link":"https:\/\/bdr-hamburg.de\/?p=892","title":{"rendered":"Teilnahme am Sommerfest der SPD-B\u00fcrgerschaftsfraktion"},"content":{"rendered":"\n<p class=\"wp-block-paragraph\">Der BDR Hamburg ist der Einladung der B\u00fcrgerschaftsfraktion der SPD gefolgt und hat am vergangenen Sonntag im Hamburger Rathaus das Sommerfest der Fraktion besucht. Dabei wurden nicht nur Themen wie die Verantwortung f\u00fcr den Standort Hamburg und Deutschland in der jetzigen Zeit angesprochen sondern ebenfalls hat die M\u00f6glichkeit bestanden mit dem Ersten B\u00fcrgermeister Peter Tschenscher sowie der Bundesministerin f\u00fcr wirtschaftliche Zusammenarbeit und Entwicklung ins Gespr\u00e4ch zu kommen.<\/p>\n\n\n\n<p class=\"wp-block-paragraph\">F\u00fcr den Landesvorstand haben die Gesch\u00e4ftsf\u00fchrerin Leslie Ellen Flockenhaus und der Landesvorsitzende S\u00f6ren Georg Sauer die Veranstaltung besucht.<\/p>\n\n\n\n<figure class=\"wp-block-image size-full\"><img loading=\"lazy\" decoding=\"async\" width=\"678\" height=\"381\" src=\"https:\/\/bdr-hamburg.de\/wp-content\/uploads\/bdrspd220612-2a.jpg\" alt=\"\" class=\"wp-image-912\" srcset=\"https:\/\/bdr-hamburg.de\/wp-content\/uploads\/bdrspd220612-2a.jpg 678w, https:\/\/bdr-hamburg.de\/wp-content\/uploads\/bdrspd220612-2a-300x169.jpg 300w\" sizes=\"auto, (max-width: 678px) 100vw, 678px\" \/><\/figure>\n\n\n\n<figure class=\"wp-block-image size-full\"><img loading=\"lazy\" decoding=\"async\" width=\"678\" height=\"381\" src=\"https:\/\/bdr-hamburg.de\/wp-content\/uploads\/bdrspd220612-3.jpg\" alt=\"\" class=\"wp-image-897\" srcset=\"https:\/\/bdr-hamburg.de\/wp-content\/uploads\/bdrspd220612-3.jpg 678w, https:\/\/bdr-hamburg.de\/wp-content\/uploads\/bdrspd220612-3-300x169.jpg 300w\" sizes=\"auto, (max-width: 678px) 100vw, 678px\" \/><\/figure>\n\n\n\n<p class=\"wp-block-paragraph\">(Text und Fotos: S\u00f6ren G. Sauer)<\/p>\n","protected":false},"excerpt":{"rendered":"<div class=\"mh-excerpt\"><p>Der BDR Hamburg ist der Einladung der B\u00fcrgerschaftsfraktion der SPD gefolgt und hat am vergangenen Sonntag im Hamburger Rathaus das Sommerfest der Fraktion besucht. Dabei <a class=\"mh-excerpt-more\" href=\"https:\/\/bdr-hamburg.de\/?p=892\" title=\"Teilnahme am Sommerfest der SPD-B\u00fcrgerschaftsfraktion\">[&#8230;]<\/a><\/p>\n<\/div>","protected":false},"author":1,"featured_media":895,"comment_status":"closed","ping_status":"open","sticky":false,"template":"","format":"standard","meta":{"_crdt_document":"","cybocfi_hide_featured_image":"","footnotes":""},"categories":[1],"tags":[],"class_list":["post-892","post","type-post","status-publish","format-standard","has-post-thumbnail","hentry","category-aktuelles"],"_links":{"self":[{"href":"https:\/\/bdr-hamburg.de\/index.php?rest_route=\/wp\/v2\/posts\/892","targetHints":{"allow":["GET"]}}],"collection":[{"href":"https:\/\/bdr-hamburg.de\/index.php?rest_route=\/wp\/v2\/posts"}],"about":[{"href":"https:\/\/bdr-hamburg.de\/index.php?rest_route=\/wp\/v2\/types\/post"}],"author":[{"embeddable":true,"href":"https:\/\/bdr-hamburg.de\/index.php?rest_route=\/wp\/v2\/users\/1"}],"replies":[{"embeddable":true,"href":"https:\/\/bdr-hamburg.de\/index.php?rest_route=%2Fwp%2Fv2%2Fcomments&post=892"}],"version-history":[{"count":9,"href":"https:\/\/bdr-hamburg.de\/index.php?rest_route=\/wp\/v2\/posts\/892\/revisions"}],"predecessor-version":[{"id":913,"href":"https:\/\/bdr-hamburg.de\/index.php?rest_route=\/wp\/v2\/posts\/892\/revisions\/913"}],"wp:featuredmedia":[{"embeddable":true,"href":"https:\/\/bdr-hamburg.de\/index.php?rest_route=\/wp\/v2\/media\/895"}],"wp:attachment":[{"href":"https:\/\/bdr-hamburg.de\/index.php?rest_route=%2Fwp%2Fv2%2Fmedia&parent=892"}],"wp:term":[{"taxonomy":"category","embeddable":true,"href":"https:\/\/bdr-hamburg.de\/index.php?rest_route=%2Fwp%2Fv2%2Fcategories&post=892"},{"taxonomy":"post_tag","embeddable":true,"href":"https:\/\/bdr-hamburg.de\/index.php?rest_route=%2Fwp%2Fv2%2Ftags&post=892"}],"curies":[{"name":"wp","href":"https:\/\/api.w.org\/{rel}","templated":true}]}}