{"id":873,"date":"2022-04-14T20:00:56","date_gmt":"2022-04-14T18:00:56","guid":{"rendered":"https:\/\/bdr-hamburg.de\/?p=873"},"modified":"2025-07-21T18:16:08","modified_gmt":"2025-07-21T16:16:08","slug":"fruehjahrssitzung-des-bund-deutscher-rechtspfleger-in-berlin","status":"publish","type":"post","link":"https:\/\/bdr-hamburg.de\/?p=873","title":{"rendered":"Fr\u00fchjahrssitzung des Bund Deutscher Rechtspfleger in Berlin"},"content":{"rendered":"\n<p class=\"wp-block-paragraph\">Nach dem traditionellen Beginn der Fr\u00fchjahrssitzung in Berlin, dem BDRhauptstadtFORUM, welches dieses Jahr in der Landesvertretung Bremen stattfand, setzten sich vom 07. &#8211; 09.04.2022 die Bundesleitung und die Vertreter der L\u00e4nder mit der<\/p>\n\n\n\n<p class=\"wp-block-paragraph\">a) \u00d6ffentlichkeitsarbeit und Werbemittel des BDR,<\/p>\n\n\n\n<p class=\"wp-block-paragraph\">b) der Situation in den L\u00e4ndern,<\/p>\n\n\n\n<p class=\"wp-block-paragraph\">c) die Situation der BDR-Jugend und dortig insbesondere mit der Frage der<\/p>\n\n\n\n<p class=\"wp-block-paragraph\">Nachwuchsgewinnung und den Gegebenheiten an den Hochschule in Corona-Zeiten,<\/p>\n\n\n\n<p class=\"wp-block-paragraph\">d) der Organisation des Sommerfests in Berlin im Juni,<\/p>\n\n\n\n<p class=\"wp-block-paragraph\">e) der im November stattfindende Fortbildung an der ev. Akademie in Bad Boll sowie<\/p>\n\n\n\n<p class=\"wp-block-paragraph\">f) der Organisation des Rechtspflegertags im September in Berlin<\/p>\n\n\n\n<p class=\"wp-block-paragraph\">auseinander. Ebenfalls die von den jeweiligen Rechtspflegertagen eingesetzten st\u00e4ndigen Kommissionen (bspw. zur eJustiz oder zum Berufs- und Statusrecht) trugen ihre Arbeitsergebnisse vor.<\/p>\n\n\n\n<p class=\"wp-block-paragraph\">Wir freuen uns hinsichtlich des letzten Punkts der Aufz\u00e4hlung auch besonders, dass der im September stattfinden Rechtspflegertag, welcher das h\u00f6chste Gremium des Bund Deutscher Rechtspfleger darstellt und regelm\u00e4\u00dfig alle vier Jahre zusammentritt, in diesem Jahr durch den Vorstandskollegen Volker Laedtke als Tagungspr\u00e4sident geleitet werden wird.<\/p>\n\n\n\n<p class=\"wp-block-paragraph\">Auch wurden dar\u00fcber hinaus die rechtspolitische Themen der Verbandsarbeit sowie die Zusammenarbeit mit anderen Verb\u00e4nden und Interessenvertretungen innerhalb der Justiz besprochen. Dar\u00fcber hinaus ist immer aufs Neue festzustellen, dass der Austausch mit den Vertretern der anderen BDR-Landesverb\u00e4nde, der BDR-Bundesleitung sowie den Vertretern des BDR-Jugendpr\u00e4sidiums stets wichtig ist um gegenseitig sich neue Impulse und gute Ideen f\u00fcr die St\u00e4rkung der Interessen der Rechtspflegerinnen und Rechtspfleger auf Landes- und Bundesebene zu geben.<\/p>\n\n\n\n<p class=\"wp-block-paragraph\">F\u00fcr den Vorstand des BDR Hamburg nahmen an der Fr\u00fchjahrssitzung der Landesvorsitzende S\u00f6ren Georg Sauer, der stellvertretende Landesvorsitzende Alexander Maximilian Marko und der Beisitzer Volker Laedtke teil.<\/p>\n\n\n\n<p class=\"wp-block-paragraph\">(Text: S\u00f6ren Sauer)<\/p>\n","protected":false},"excerpt":{"rendered":"<div class=\"mh-excerpt\"><p>Nach dem traditionellen Beginn der Fr\u00fchjahrssitzung in Berlin, dem BDRhauptstadtFORUM, welches dieses Jahr in der Landesvertretung Bremen stattfand, setzten sich vom 07. &#8211; 09.04.2022 die <a class=\"mh-excerpt-more\" href=\"https:\/\/bdr-hamburg.de\/?p=873\" title=\"Fr\u00fchjahrssitzung des Bund Deutscher Rechtspfleger in Berlin\">[&#8230;]<\/a><\/p>\n<\/div>","protected":false},"author":1,"featured_media":874,"comment_status":"closed","ping_status":"open","sticky":false,"template":"","format":"standard","meta":{"_crdt_document":"","cybocfi_hide_featured_image":"","footnotes":""},"categories":[1],"tags":[39,40,41],"class_list":["post-873","post","type-post","status-publish","format-standard","has-post-thumbnail","hentry","category-aktuelles","tag-bdr","tag-bdr-praesidium","tag-berlin"],"_links":{"self":[{"href":"https:\/\/bdr-hamburg.de\/index.php?rest_route=\/wp\/v2\/posts\/873","targetHints":{"allow":["GET"]}}],"collection":[{"href":"https:\/\/bdr-hamburg.de\/index.php?rest_route=\/wp\/v2\/posts"}],"about":[{"href":"https:\/\/bdr-hamburg.de\/index.php?rest_route=\/wp\/v2\/types\/post"}],"author":[{"embeddable":true,"href":"https:\/\/bdr-hamburg.de\/index.php?rest_route=\/wp\/v2\/users\/1"}],"replies":[{"embeddable":true,"href":"https:\/\/bdr-hamburg.de\/index.php?rest_route=%2Fwp%2Fv2%2Fcomments&post=873"}],"version-history":[{"count":1,"href":"https:\/\/bdr-hamburg.de\/index.php?rest_route=\/wp\/v2\/posts\/873\/revisions"}],"predecessor-version":[{"id":875,"href":"https:\/\/bdr-hamburg.de\/index.php?rest_route=\/wp\/v2\/posts\/873\/revisions\/875"}],"wp:featuredmedia":[{"embeddable":true,"href":"https:\/\/bdr-hamburg.de\/index.php?rest_route=\/wp\/v2\/media\/874"}],"wp:attachment":[{"href":"https:\/\/bdr-hamburg.de\/index.php?rest_route=%2Fwp%2Fv2%2Fmedia&parent=873"}],"wp:term":[{"taxonomy":"category","embeddable":true,"href":"https:\/\/bdr-hamburg.de\/index.php?rest_route=%2Fwp%2Fv2%2Fcategories&post=873"},{"taxonomy":"post_tag","embeddable":true,"href":"https:\/\/bdr-hamburg.de\/index.php?rest_route=%2Fwp%2Fv2%2Ftags&post=873"}],"curies":[{"name":"wp","href":"https:\/\/api.w.org\/{rel}","templated":true}]}}