{"id":71,"date":"2016-11-10T10:00:49","date_gmt":"2016-11-10T10:00:49","guid":{"rendered":"https:\/\/bdr-hamburg.de\/?p=71"},"modified":"2025-07-21T18:17:35","modified_gmt":"2025-07-21T16:17:35","slug":"71","status":"publish","type":"post","link":"https:\/\/bdr-hamburg.de\/?p=71","title":{"rendered":"34. Rechtspflegertag in Trier"},"content":{"rendered":"<p><span style=\"font-family: verdana,geneva,sans-serif; font-size: 10pt;\">(Text: Diana D\u00f6bel)<\/span><\/p>\n<p><span style=\"font-family: verdana,geneva,sans-serif; font-size: 10pt;\">Vom 26. \u2013 28. Oktober 2016 fand der 34. Rechtspflegertag im rheinland-pf\u00e4lzischen Trier statt. Insgesamt 13 Kolleginnen und Kollegen aus dem Vorstands- und Mitgliederkreis des BDR LV Hamburg machten sich auf die Reise, um an diesem nur alle 4 Jahre stattfindenden Ereignis teilzunehmen. H\u00f6hepunkte der Veranstaltung waren die Wahl der Bundesleitung sowie die Festveranstaltung.<\/span><\/p>\n<p><span style=\"font-family: verdana,geneva,sans-serif; font-size: 10pt;\">Bei der Wahl der Bundesleitung wurde der bisherige Bundesgesch\u00e4ftsf\u00fchrer zum neuen Bundesvorsitzenden Mario Bl\u00f6dtner gew\u00e4hlt. Antje Keilhaue wurde neu in die Bundesleitung gew\u00e4hlt und bekleidet nun das Amts der Bundesgesch\u00e4ftsf\u00fchrerin. Die weiteren \u00c4mter der Bundesleitung sind unver\u00e4ndert wiedergew\u00e4hlt worden.<\/span><\/p>\n<p><span style=\"font-family: verdana,geneva,sans-serif; font-size: 10pt;\">Zur Festveranstaltung konnte der nun neu gew\u00e4hlte Bundesvorsitzende Mario Bl\u00f6dtner zahlreiche G\u00e4ste begr\u00fc\u00dfen. Nach den Gru\u00dfworten ua. des Oberb\u00fcrgermeisters der Stadt Trier, Wolfram Leibe, oder der Generalsekr\u00e4terin der SPD, Katarina Barley, folgte die Podiumsdiskussion zum Motto des Rechtspflegertages \u201eE-Justiz &#8211; Mensch oder Maschine, wer entscheidet zuk\u00fcnftig?\u201c, die die Veranstaltung sehr interessant und kurzweilig gestalteten.<\/span><\/p>\n<p><span style=\"font-family: verdana,geneva,sans-serif; font-size: 10pt;\">Der BDR LV Hamburg hatte im Vorfeld einen Antrag zum Rechtspflegertag eingebracht, der die Einholung eines Rechtsgutachtens zur Pr\u00fcfung, ob die tempor\u00e4re Besch\u00e4ftigung von Volljuristen (im Angestelltenverh\u00e4ltnis) als Rechtspfleger mit dem in Art. 33 Abs. 4 GG enthaltenen Funktionsvorbehalt vereinbar ist, beinhaltete. Der Antrag wurde in Abstimmung mit dem Rechtspflegertag ge\u00e4ndert, so dass sich der Delegiertentag nunmehr f\u00fcr eine Resolution gegen den tempor\u00e4ren Einsatzes von Volljuristen im Angestelltenstatus als Rechtspfleger aussprach.<\/span><\/p>\n<p><span style=\"font-family: verdana,geneva,sans-serif; font-size: 10pt;\">Weitere und ausf\u00fchrliche Informationen zum Rechtspflegertag finden Sie auf der Homepage des Bundes Deutscher Rechtspfleger e.V.: <a href=\"http:\/\/www.bdr-online.de\" target=\"_blank\" rel=\"noopener noreferrer\">www.bdr-online.de<\/a>.<\/span><\/p>\n<p><span style=\"font-family: verdana,geneva,sans-serif; font-size: 10pt;\"><img loading=\"lazy\" decoding=\"async\" class=\"alignnone size-medium wp-image-72\" src=\"https:\/\/bdr-hamburg.de\/wp-content\/uploads\/bdrtrier2016web-300x222.jpeg\" alt=\"\" width=\"300\" height=\"222\" srcset=\"https:\/\/bdr-hamburg.de\/wp-content\/uploads\/bdrtrier2016web-300x222.jpeg 300w, https:\/\/bdr-hamburg.de\/wp-content\/uploads\/bdrtrier2016web-80x60.jpeg 80w, https:\/\/bdr-hamburg.de\/wp-content\/uploads\/bdrtrier2016web.jpeg 650w\" sizes=\"auto, (max-width: 300px) 100vw, 300px\" \/><\/span><\/p>\n","protected":false},"excerpt":{"rendered":"<div class=\"mh-excerpt\"><p>(Text: Diana D\u00f6bel) Vom 26. \u2013 28. Oktober 2016 fand der 34. Rechtspflegertag im rheinland-pf\u00e4lzischen Trier statt. Insgesamt 13 Kolleginnen und Kollegen aus dem Vorstands- <a class=\"mh-excerpt-more\" href=\"https:\/\/bdr-hamburg.de\/?p=71\" title=\"34. Rechtspflegertag in Trier\">[&#8230;]<\/a><\/p>\n<\/div>","protected":false},"author":1,"featured_media":72,"comment_status":"closed","ping_status":"open","sticky":false,"template":"","format":"standard","meta":{"_crdt_document":"","cybocfi_hide_featured_image":"","footnotes":""},"categories":[1],"tags":[],"class_list":["post-71","post","type-post","status-publish","format-standard","has-post-thumbnail","hentry","category-aktuelles"],"_links":{"self":[{"href":"https:\/\/bdr-hamburg.de\/index.php?rest_route=\/wp\/v2\/posts\/71","targetHints":{"allow":["GET"]}}],"collection":[{"href":"https:\/\/bdr-hamburg.de\/index.php?rest_route=\/wp\/v2\/posts"}],"about":[{"href":"https:\/\/bdr-hamburg.de\/index.php?rest_route=\/wp\/v2\/types\/post"}],"author":[{"embeddable":true,"href":"https:\/\/bdr-hamburg.de\/index.php?rest_route=\/wp\/v2\/users\/1"}],"replies":[{"embeddable":true,"href":"https:\/\/bdr-hamburg.de\/index.php?rest_route=%2Fwp%2Fv2%2Fcomments&post=71"}],"version-history":[{"count":2,"href":"https:\/\/bdr-hamburg.de\/index.php?rest_route=\/wp\/v2\/posts\/71\/revisions"}],"predecessor-version":[{"id":74,"href":"https:\/\/bdr-hamburg.de\/index.php?rest_route=\/wp\/v2\/posts\/71\/revisions\/74"}],"wp:featuredmedia":[{"embeddable":true,"href":"https:\/\/bdr-hamburg.de\/index.php?rest_route=\/wp\/v2\/media\/72"}],"wp:attachment":[{"href":"https:\/\/bdr-hamburg.de\/index.php?rest_route=%2Fwp%2Fv2%2Fmedia&parent=71"}],"wp:term":[{"taxonomy":"category","embeddable":true,"href":"https:\/\/bdr-hamburg.de\/index.php?rest_route=%2Fwp%2Fv2%2Fcategories&post=71"},{"taxonomy":"post_tag","embeddable":true,"href":"https:\/\/bdr-hamburg.de\/index.php?rest_route=%2Fwp%2Fv2%2Ftags&post=71"}],"curies":[{"name":"wp","href":"https:\/\/api.w.org\/{rel}","templated":true}]}}