{"id":562,"date":"2019-08-21T21:13:34","date_gmt":"2019-08-21T19:13:34","guid":{"rendered":"https:\/\/bdr-hamburg.de\/?p=562"},"modified":"2025-07-21T18:16:35","modified_gmt":"2025-07-21T16:16:35","slug":"bdr-hamburg-gratuliert-dem-neuen-behoerdenleiter-der-staatsanwaltschaft-hamburg","status":"publish","type":"post","link":"https:\/\/bdr-hamburg.de\/?p=562","title":{"rendered":"BDR Hamburg gratuliert dem neuen Beh\u00f6rdenleiter der Staatsanwaltschaft Hamburg"},"content":{"rendered":"\n<p class=\"wp-block-paragraph\">(Von Tim Schneider)<\/p>\n\n\n\n<p class=\"wp-block-paragraph\">(Foto: Senator Dr. Till Steffen bei der Rede f\u00fcr den lauschenden neuen Beh\u00f6rdenleiter Dr. Ralf Peter Anders)<\/p>\n\n\n\n<p class=\"wp-block-paragraph\">Am 21.08.2019  beging der neue Beh\u00f6rdenleiter der Staatsanwaltschaft Hamburg, Herr Dr.  Ralf Peter Anders, seinen Amtsantritt in den R\u00e4umlichkeiten des  Lichthofs des LuV-Geb\u00e4udes der Justizbeh\u00f6rde Hamburg.<\/p>\n\n\n\n<p class=\"wp-block-paragraph\">Neben neuen und alten Kolleg*innen,  Weggef\u00e4hrten, Leitungen aus der Justiz Schleswig-Holsteins und Hamburgs  war auch der BDR Hamburg durch Tim Schneider vertreten.<\/p>\n\n\n\n<p class=\"wp-block-paragraph\">Im Rahmen der Feierlichkeiten hielten der  Justizsenator Dr. Till Steffen, der Hamburger Generalstaatsanwalt Dr.  J\u00f6rg Fr\u00f6hlich und nat\u00fcrlich der neue Beh\u00f6rdenleiter Dr. Ralf Peter  Anders h\u00f6chstselbst aufmerksam verfolgte Festreden.<\/p>\n\n\n\n<p class=\"wp-block-paragraph\">Der BDR Hamburg gratuliert dem neuen Beh\u00f6rdenleiter der Staatsanwaltschaft Hamburg zu der neuen Aufgabe.<\/p>\n\n\n\n<p class=\"wp-block-paragraph\">Au\u00dferdem freuen wir uns \u00fcber den angek\u00fcndigten  Kurs von personeller Verst\u00e4rkung, Modernisierung und Erneuerung, der bei  der Staatsanwaltschaft Hamburg Einzug finden soll.<\/p>\n\n\n\n<p class=\"wp-block-paragraph\">Wir halten den Ansatz hin zu einer modernen,  mitarbeiterfreundlichen und noch schlagkr\u00e4ftigeren Staatsanwaltschaft  f\u00fcr richtig und begleiten diese Entwicklung gern bei der genaueren  Ausgestaltung.<\/p>\n","protected":false},"excerpt":{"rendered":"<div class=\"mh-excerpt\"><p>(Von Tim Schneider) (Foto: Senator Dr. Till Steffen bei der Rede f\u00fcr den lauschenden neuen Beh\u00f6rdenleiter Dr. Ralf Peter Anders) Am 21.08.2019 beging der neue <a class=\"mh-excerpt-more\" href=\"https:\/\/bdr-hamburg.de\/?p=562\" title=\"BDR Hamburg gratuliert dem neuen Beh\u00f6rdenleiter der Staatsanwaltschaft Hamburg\">[&#8230;]<\/a><\/p>\n<\/div>","protected":false},"author":1,"featured_media":564,"comment_status":"closed","ping_status":"open","sticky":false,"template":"","format":"standard","meta":{"_crdt_document":"","cybocfi_hide_featured_image":"","footnotes":""},"categories":[1],"tags":[],"class_list":["post-562","post","type-post","status-publish","format-standard","has-post-thumbnail","hentry","category-aktuelles"],"_links":{"self":[{"href":"https:\/\/bdr-hamburg.de\/index.php?rest_route=\/wp\/v2\/posts\/562","targetHints":{"allow":["GET"]}}],"collection":[{"href":"https:\/\/bdr-hamburg.de\/index.php?rest_route=\/wp\/v2\/posts"}],"about":[{"href":"https:\/\/bdr-hamburg.de\/index.php?rest_route=\/wp\/v2\/types\/post"}],"author":[{"embeddable":true,"href":"https:\/\/bdr-hamburg.de\/index.php?rest_route=\/wp\/v2\/users\/1"}],"replies":[{"embeddable":true,"href":"https:\/\/bdr-hamburg.de\/index.php?rest_route=%2Fwp%2Fv2%2Fcomments&post=562"}],"version-history":[{"count":4,"href":"https:\/\/bdr-hamburg.de\/index.php?rest_route=\/wp\/v2\/posts\/562\/revisions"}],"predecessor-version":[{"id":783,"href":"https:\/\/bdr-hamburg.de\/index.php?rest_route=\/wp\/v2\/posts\/562\/revisions\/783"}],"wp:featuredmedia":[{"embeddable":true,"href":"https:\/\/bdr-hamburg.de\/index.php?rest_route=\/wp\/v2\/media\/564"}],"wp:attachment":[{"href":"https:\/\/bdr-hamburg.de\/index.php?rest_route=%2Fwp%2Fv2%2Fmedia&parent=562"}],"wp:term":[{"taxonomy":"category","embeddable":true,"href":"https:\/\/bdr-hamburg.de\/index.php?rest_route=%2Fwp%2Fv2%2Fcategories&post=562"},{"taxonomy":"post_tag","embeddable":true,"href":"https:\/\/bdr-hamburg.de\/index.php?rest_route=%2Fwp%2Fv2%2Ftags&post=562"}],"curies":[{"name":"wp","href":"https:\/\/api.w.org\/{rel}","templated":true}]}}