{"id":544,"date":"2019-02-26T21:37:01","date_gmt":"2019-02-26T19:37:01","guid":{"rendered":"https:\/\/bdr-hamburg.de\/?p=544"},"modified":"2025-07-21T18:16:35","modified_gmt":"2025-07-21T16:16:35","slug":"gespraech-mit-der-praesidentin-des-hansolg-am-11-02-2019","status":"publish","type":"post","link":"https:\/\/bdr-hamburg.de\/?p=544","title":{"rendered":"Gespr\u00e4ch mit der Pr\u00e4sidentin des HansOLG am 11.02.2019"},"content":{"rendered":"\n<p class=\"wp-block-paragraph\">Am 11. Februar 2019 traf sich der Landesvorstand\ndes BDR Hamburg, vertreten durch den Landesvorsitzenden Christian Dennert und\ndie Vorstandskollegen Roland Pre\u00df und Diana D\u00f6bel, mit der Pr\u00e4sidentin des Hanseatischen\nOberlandesgerichts Erika Andre\u00df zu einem Gespr\u00e4ch. <\/p>\n\n\n\n<p class=\"wp-block-paragraph\">Das Hanseatische Oberlandesgericht stellt\nuns seit nunmehr zwei Jahren einen Sitzungssaal f\u00fcr unsere regelm\u00e4\u00dfige\nAutorenlesung zur Verf\u00fcgung, wof\u00fcr wir ihr unseren Dank aussprachen. Dies\nallein gab jedoch nicht Anlass, zu einem gemeinsamen Gespr\u00e4ch zusammenzufinden. Inhaltlich\nbefassten wir uns in erster Linie mit den Themen Nachwuchskr\u00e4ftegewinnung im\nAllgemeinen f\u00fcr die Justizberufe und den potenziellen Stellenoptionen beim\nHanseatischen Oberlandesgericht f\u00fcr eine Rechtspflegerin bzw. einen\nRechtspfleger. Wir tauschten hierzu in angenehmer Atmosph\u00e4re verschiedene Ideen und\nAnregungen aus. <\/p>\n\n\n\n<p class=\"wp-block-paragraph\">Mit Sorge betrachtet auch die Pr\u00e4sidentin des\nHanseatischen Oberlandesgerichts die Schwierigkeiten, ausreichend\nqualifiziertes Personal, insbesondere f\u00fcr den Rechtspflegerbereich, angesichts\ndes zunehmenden Personalmangels zu finden.<\/p>\n\n\n\n<p class=\"wp-block-paragraph\">Eine Fortsetzung des Gespr\u00e4chs werden wir zu\ngegebener Zeit anstreben und nehmen die Ideen und Anregungen bereits jetzt f\u00fcr\ndie Vorstandsarbeit mit.<\/p>\n\n\n\n<p class=\"wp-block-paragraph\">Hamburg, im Februar 2019<\/p>\n","protected":false},"excerpt":{"rendered":"<div class=\"mh-excerpt\"><p>Am 11. Februar 2019 traf sich der Landesvorstand des BDR Hamburg, vertreten durch den Landesvorsitzenden Christian Dennert und die Vorstandskollegen Roland Pre\u00df und Diana D\u00f6bel, <a class=\"mh-excerpt-more\" href=\"https:\/\/bdr-hamburg.de\/?p=544\" title=\"Gespr\u00e4ch mit der Pr\u00e4sidentin des HansOLG am 11.02.2019\">[&#8230;]<\/a><\/p>\n<\/div>","protected":false},"author":1,"featured_media":545,"comment_status":"closed","ping_status":"open","sticky":false,"template":"","format":"standard","meta":{"_crdt_document":"","cybocfi_hide_featured_image":"","footnotes":""},"categories":[1],"tags":[14],"class_list":["post-544","post","type-post","status-publish","format-standard","has-post-thumbnail","hentry","category-aktuelles","tag-hansolg"],"_links":{"self":[{"href":"https:\/\/bdr-hamburg.de\/index.php?rest_route=\/wp\/v2\/posts\/544","targetHints":{"allow":["GET"]}}],"collection":[{"href":"https:\/\/bdr-hamburg.de\/index.php?rest_route=\/wp\/v2\/posts"}],"about":[{"href":"https:\/\/bdr-hamburg.de\/index.php?rest_route=\/wp\/v2\/types\/post"}],"author":[{"embeddable":true,"href":"https:\/\/bdr-hamburg.de\/index.php?rest_route=\/wp\/v2\/users\/1"}],"replies":[{"embeddable":true,"href":"https:\/\/bdr-hamburg.de\/index.php?rest_route=%2Fwp%2Fv2%2Fcomments&post=544"}],"version-history":[{"count":2,"href":"https:\/\/bdr-hamburg.de\/index.php?rest_route=\/wp\/v2\/posts\/544\/revisions"}],"predecessor-version":[{"id":784,"href":"https:\/\/bdr-hamburg.de\/index.php?rest_route=\/wp\/v2\/posts\/544\/revisions\/784"}],"wp:featuredmedia":[{"embeddable":true,"href":"https:\/\/bdr-hamburg.de\/index.php?rest_route=\/wp\/v2\/media\/545"}],"wp:attachment":[{"href":"https:\/\/bdr-hamburg.de\/index.php?rest_route=%2Fwp%2Fv2%2Fmedia&parent=544"}],"wp:term":[{"taxonomy":"category","embeddable":true,"href":"https:\/\/bdr-hamburg.de\/index.php?rest_route=%2Fwp%2Fv2%2Fcategories&post=544"},{"taxonomy":"post_tag","embeddable":true,"href":"https:\/\/bdr-hamburg.de\/index.php?rest_route=%2Fwp%2Fv2%2Ftags&post=544"}],"curies":[{"name":"wp","href":"https:\/\/api.w.org\/{rel}","templated":true}]}}