{"id":435,"date":"2018-03-05T20:23:23","date_gmt":"2018-03-05T18:23:23","guid":{"rendered":"https:\/\/bdr-hamburg.de\/?p=435"},"modified":"2025-07-21T18:16:36","modified_gmt":"2025-07-21T16:16:36","slug":"gespraech-mit-dem-justizsenator-am-19-01-2018","status":"publish","type":"post","link":"https:\/\/bdr-hamburg.de\/?p=435","title":{"rendered":"Gespr\u00e4ch mit dem Justizsenator am 19.01.2018"},"content":{"rendered":"<div><span style=\"font-family: verdana, geneva, sans-serif; font-size: 10pt;\">Am 19. Januar 2018 traf sich der Landesvorstand des BDR Hamburg, vertreten durch den Landesvorsitzenden Christian Dennert und die Vorstandskollegen Roland Pre\u00df und Julia M\u00e4gdefrau mit dem Justizsenator Dr. Till Steffen und einem Referenten der Abteilung Zivilrecht, \u00d6ffentliches Recht und Rechtspr\u00fcfung. Hauptaugenmerk des Gespr\u00e4chs lag auf der zukunftsgerichteten Ausgestaltung und Attraktivit\u00e4t des Rechtspflegerberufes. <\/span><\/div>\n<div><span style=\"font-family: verdana, geneva, sans-serif; font-size: 10pt;\">\u00a0<\/span><\/div>\n<div><span style=\"font-family: verdana, geneva, sans-serif; font-size: 10pt;\">Wir haben mit dem Senator das F\u00fcr und Wider von <b>Aufgaben\u00fcbertragungen<\/b> diskutiert; dabei sollten unseres Erachtens insbesondere aufgrund der zunehmenden Aufgabenverdichtung Synergieeffekte im Vordergrund stehen. Wir haben unseren Standpunkt zur PKH und VKH \u00dcbertragung noch einmal vorgetragen, die wir im Gegensatz zur \u00d6ffnungsklausel im Vormundschaftsrecht (Stichwort MuFl) als nicht arbeits\u00f6konomisch einsch\u00e4tzen. Interessiert hat der Senator unseren Vorsto\u00df im Familienrecht, der die B\u00fcrgerfreundlichkeit und Transparenz im Verfahren verbessern w\u00fcrde, verfolgt.<\/span><\/div>\n<div><span style=\"font-family: verdana, geneva, sans-serif; font-size: 10pt;\">\u00a0<\/span><\/div>\n<div><span style=\"font-family: verdana, geneva, sans-serif; font-size: 10pt;\">Ein weiterer Punkt war die <b>Verl\u00e4sslichkeit der Justizbeh\u00f6rde als Arbeitgeber<\/b>, die insbesondere die Anw\u00e4rter in der Vergangenheit bei der Bearbeitung von Antr\u00e4gen vermisst haben. Wir werden das Thema weiter verfolgen.<\/span><\/div>\n<div><span style=\"font-family: verdana, geneva, sans-serif; font-size: 10pt;\">\u00a0<\/span><\/div>\n<div><span style=\"font-family: verdana, geneva, sans-serif; font-size: 10pt;\">Die <b>Digitalisierung<\/b> war ein weiteres gro\u00dfes Thema, zu dem uns Herr Dr. Steffen an den Leiter der IT-Abteilung verwiesen hat, um gemeinsam ins Gespr\u00e4ch zum Thema elektronische Akte zu kommen. Den Vorschlag werden wir gerne aufnehmen.<\/span><\/div>\n<div><span style=\"font-family: verdana, geneva, sans-serif; font-size: 10pt;\">\u00a0<\/span><\/div>\n<div><span style=\"font-family: verdana, geneva, sans-serif; font-size: 10pt;\">Die aktuelle <b>Besoldungsstruktur<\/b>, die aufgrund der Analytik nur eingeschr\u00e4nkte Flexibilit\u00e4t zul\u00e4sst, haben wir angesprochen und die Idee einer eigenen RE-Besoldung vorgestellt, die besser die differenzierten Aufgaben der Rechtspfleger abbildet.<\/span><\/div>\n<div><\/div>\n<div style=\"text-align: center;\"><img loading=\"lazy\" decoding=\"async\" class=\"wp-image-437 size-full aligncenter\" src=\"https:\/\/bdr-hamburg.de\/wp-content\/uploads\/Senator180119.jpg\" alt=\"\" width=\"272\" height=\"500\" \/><\/div>\n<div><\/div>\n<div style=\"text-align: center;\"><\/div>\n","protected":false},"excerpt":{"rendered":"<div class=\"mh-excerpt\"><p>Am 19. Januar 2018 traf sich der Landesvorstand des BDR Hamburg, vertreten durch den Landesvorsitzenden Christian Dennert und die Vorstandskollegen Roland Pre\u00df und Julia M\u00e4gdefrau <a class=\"mh-excerpt-more\" href=\"https:\/\/bdr-hamburg.de\/?p=435\" title=\"Gespr\u00e4ch mit dem Justizsenator am 19.01.2018\">[&#8230;]<\/a><\/p>\n<\/div>","protected":false},"author":1,"featured_media":437,"comment_status":"closed","ping_status":"open","sticky":false,"template":"","format":"standard","meta":{"_crdt_document":"","cybocfi_hide_featured_image":"","footnotes":""},"categories":[1],"tags":[],"class_list":["post-435","post","type-post","status-publish","format-standard","has-post-thumbnail","hentry","category-aktuelles"],"_links":{"self":[{"href":"https:\/\/bdr-hamburg.de\/index.php?rest_route=\/wp\/v2\/posts\/435","targetHints":{"allow":["GET"]}}],"collection":[{"href":"https:\/\/bdr-hamburg.de\/index.php?rest_route=\/wp\/v2\/posts"}],"about":[{"href":"https:\/\/bdr-hamburg.de\/index.php?rest_route=\/wp\/v2\/types\/post"}],"author":[{"embeddable":true,"href":"https:\/\/bdr-hamburg.de\/index.php?rest_route=\/wp\/v2\/users\/1"}],"replies":[{"embeddable":true,"href":"https:\/\/bdr-hamburg.de\/index.php?rest_route=%2Fwp%2Fv2%2Fcomments&post=435"}],"version-history":[{"count":3,"href":"https:\/\/bdr-hamburg.de\/index.php?rest_route=\/wp\/v2\/posts\/435\/revisions"}],"predecessor-version":[{"id":439,"href":"https:\/\/bdr-hamburg.de\/index.php?rest_route=\/wp\/v2\/posts\/435\/revisions\/439"}],"wp:featuredmedia":[{"embeddable":true,"href":"https:\/\/bdr-hamburg.de\/index.php?rest_route=\/wp\/v2\/media\/437"}],"wp:attachment":[{"href":"https:\/\/bdr-hamburg.de\/index.php?rest_route=%2Fwp%2Fv2%2Fmedia&parent=435"}],"wp:term":[{"taxonomy":"category","embeddable":true,"href":"https:\/\/bdr-hamburg.de\/index.php?rest_route=%2Fwp%2Fv2%2Fcategories&post=435"},{"taxonomy":"post_tag","embeddable":true,"href":"https:\/\/bdr-hamburg.de\/index.php?rest_route=%2Fwp%2Fv2%2Ftags&post=435"}],"curies":[{"name":"wp","href":"https:\/\/api.w.org\/{rel}","templated":true}]}}