{"id":400,"date":"2017-09-29T13:20:53","date_gmt":"2017-09-29T11:20:53","guid":{"rendered":"https:\/\/bdr-hamburg.de\/?p=400"},"modified":"2025-07-21T18:16:36","modified_gmt":"2025-07-21T16:16:36","slug":"bericht-zum-seminar-am-20-09-2017","status":"publish","type":"post","link":"https:\/\/bdr-hamburg.de\/?p=400","title":{"rendered":"Bericht zum Seminar am 20.09.2017"},"content":{"rendered":"<p><span style=\"font-family: verdana, geneva, sans-serif; font-size: 10pt;\">Das diesj\u00e4hrige Seminar, zu dem der BDR-Landesverband Hamburg am 20.9.2017 wieder in den Plenarsaal des Hanseatischen Oberlandesgerichts geladen hatte, bot zwei spannende Themen an:<\/span><br \/>\n<span style=\"font-family: verdana, geneva, sans-serif; font-size: 10pt;\"> &#8211; \u201eAnh\u00f6rungstechniken bei Demenz und psychischer Erkrankung\u201c und<\/span><br \/>\n<span style=\"font-family: verdana, geneva, sans-serif; font-size: 10pt;\"> &#8211; \u201eHerausforderung Generation Y \u2013 ticken die noch richtig?\u201c<\/span><\/p>\n<p><span style=\"font-family: verdana, geneva, sans-serif; font-size: 10pt;\">Nach der einf\u00fchrenden Begr\u00fc\u00dfung des stellvertretenden Landesvorsitzenden Christian Bernhard konnten sich die ca 40 Teilnehmer (Rechtspfleger aus Hamburg und anderen Bundesl\u00e4ndern, Gesch\u00e4ftsstellenleiter) auf den Vortrag von Dr. Christoph Lenk konzentrieren. Dr. Lenk ist Psychiater und zugleich langj\u00e4hriger psychiatrischer Sachverst\u00e4ndiger f\u00fcr die Hamburgischen Gerichte.<\/span><br \/>\n<span style=\"font-family: verdana, geneva, sans-serif; font-size: 10pt;\"> Mit einpr\u00e4gsamen Bildern, Beispielf\u00e4llen und seiner sehr interessanten Vortragsweise konnte er den Anwesenden die unterschiedlichen Erkrankungen, St\u00f6rungen, Symptome und Verhaltensauff\u00e4lligkeiten darlegen und erkl\u00e4ren. Die gerichtliche Anh\u00f6rung muss sich dem jeweiligen Krankheitsbild anpassen, nur so kann man zu verwertbaren Ergebnissen kommen.<\/span><br \/>\n<span style=\"font-family: verdana, geneva, sans-serif; font-size: 10pt;\"> Dass es z.B. f\u00fcr die Demenz typisch ist, dass auf identische Fragen unterschiedliche Antworten gegeben werden, war nicht jedem bekannt.<\/span><br \/>\n<span style=\"font-family: verdana, geneva, sans-serif; font-size: 10pt;\"> Entsprechend wichtig waren Tipps und Hinweise, wie der jeweilige Rechtsanwender eine angenehme Atmosph\u00e4re f\u00fcr den Befragten schaffen kann.<\/span><\/p>\n<p><span style=\"font-family: verdana, geneva, sans-serif; font-size: 10pt;\">Nach einer erfrischenden Kaffeepause begann der Vortrag \u00fcber die Generation Y, die zwischen 1980 und 1995 Geborenen. J\u00fcrgen Wulff, Unternehmensberater und F\u00fchrungscoach und Hanna Meiners als Vertreterin der Generation Y erg\u00e4nzten sich gut; sie waren Vertreter zweier Generationen, die aber z.B. am Arbeitsplatz h\u00e4ufig miteinander zu tun haben. Die Unterschiede, die typischen Eigenschaften, Schw\u00e4chen und St\u00e4rken wurden dargestellt. Diese neue Perspektive, verschiedene Personengruppen nach ihrer Generationenherkunft einzuordnen, war den meisten Zuh\u00f6rern neu. Man erfuhr, dass die Kenntnis der Unterschiedlichkeit Einfluss auf die Arbeitsplatzgestaltung, Kommunikation und Erwartungen aneinander haben muss.<\/span><br \/>\n<span style=\"font-family: verdana, geneva, sans-serif; font-size: 10pt;\"> Da es auch um weitere Generationengruppen ging (Babyboomer, Generation X, Z), war der Umfang des Themas entsprechend gro\u00df.<\/span><br \/>\n<span style=\"font-family: verdana, geneva, sans-serif; font-size: 10pt;\"> Das leckere warme Mittagessen war allen eine willkommene Pause.<\/span><\/p>\n<p><span style=\"font-family: verdana, geneva, sans-serif; font-size: 10pt;\">Im zweiten Teil ihres Vortrages lie\u00dfen Herr Wulff und Frau Meiners die Teilnehmer die Hamburger Justiz in Hinblick auf ihre \u201eY-Tauglichkeit\u201c testen. Dass die Gerichte und die Justizbeh\u00f6rde nicht allzu schlecht abschnitten, beruhigte einigerma\u00dfen.<\/span><\/p>\n<p><span style=\"font-family: verdana, geneva, sans-serif; font-size: 10pt;\">Nach diesen beiden anregenden Vortr\u00e4gen bedankte sich Herr Bernhard im Namen des BDR bei den Referenten und verabschiedete die Seminarteilnehmer in den sp\u00e4ten Nachmittag.<\/span><\/p>\n<p><span style=\"font-family: verdana, geneva, sans-serif; font-size: 10pt;\">Hamburg, den 26.9.2017<\/span><br \/>\n<span style=\"font-family: verdana, geneva, sans-serif; font-size: 10pt;\"> Kirsten Alander<\/span><\/p>\n","protected":false},"excerpt":{"rendered":"<div class=\"mh-excerpt\"><p>Das diesj\u00e4hrige Seminar, zu dem der BDR-Landesverband Hamburg am 20.9.2017 wieder in den Plenarsaal des Hanseatischen Oberlandesgerichts geladen hatte, bot zwei spannende Themen an: &#8211; <a class=\"mh-excerpt-more\" href=\"https:\/\/bdr-hamburg.de\/?p=400\" title=\"Bericht zum Seminar am 20.09.2017\">[&#8230;]<\/a><\/p>\n<\/div>","protected":false},"author":1,"featured_media":1153,"comment_status":"closed","ping_status":"open","sticky":false,"template":"","format":"standard","meta":{"_crdt_document":"","cybocfi_hide_featured_image":"yes","footnotes":""},"categories":[1,8],"tags":[],"class_list":["post-400","post","type-post","status-publish","format-standard","has-post-thumbnail","hentry","category-aktuelles","category-rechtspflegerseminar"],"_links":{"self":[{"href":"https:\/\/bdr-hamburg.de\/index.php?rest_route=\/wp\/v2\/posts\/400","targetHints":{"allow":["GET"]}}],"collection":[{"href":"https:\/\/bdr-hamburg.de\/index.php?rest_route=\/wp\/v2\/posts"}],"about":[{"href":"https:\/\/bdr-hamburg.de\/index.php?rest_route=\/wp\/v2\/types\/post"}],"author":[{"embeddable":true,"href":"https:\/\/bdr-hamburg.de\/index.php?rest_route=\/wp\/v2\/users\/1"}],"replies":[{"embeddable":true,"href":"https:\/\/bdr-hamburg.de\/index.php?rest_route=%2Fwp%2Fv2%2Fcomments&post=400"}],"version-history":[{"count":4,"href":"https:\/\/bdr-hamburg.de\/index.php?rest_route=\/wp\/v2\/posts\/400\/revisions"}],"predecessor-version":[{"id":1364,"href":"https:\/\/bdr-hamburg.de\/index.php?rest_route=\/wp\/v2\/posts\/400\/revisions\/1364"}],"wp:featuredmedia":[{"embeddable":true,"href":"https:\/\/bdr-hamburg.de\/index.php?rest_route=\/wp\/v2\/media\/1153"}],"wp:attachment":[{"href":"https:\/\/bdr-hamburg.de\/index.php?rest_route=%2Fwp%2Fv2%2Fmedia&parent=400"}],"wp:term":[{"taxonomy":"category","embeddable":true,"href":"https:\/\/bdr-hamburg.de\/index.php?rest_route=%2Fwp%2Fv2%2Fcategories&post=400"},{"taxonomy":"post_tag","embeddable":true,"href":"https:\/\/bdr-hamburg.de\/index.php?rest_route=%2Fwp%2Fv2%2Ftags&post=400"}],"curies":[{"name":"wp","href":"https:\/\/api.w.org\/{rel}","templated":true}]}}