{"id":379,"date":"2017-08-23T19:42:41","date_gmt":"2017-08-23T17:42:41","guid":{"rendered":"https:\/\/bdr-hamburg.de\/?p=379"},"modified":"2025-07-21T18:16:36","modified_gmt":"2025-07-21T16:16:36","slug":"der-bdr-landesverband-hamburg-bei-der-berufemesse-2017-in-lueneburg","status":"publish","type":"post","link":"https:\/\/bdr-hamburg.de\/?p=379","title":{"rendered":"Der BDR Landesverband Hamburg bei der Berufemesse 2017 in L\u00fcneburg"},"content":{"rendered":"<p><span style=\"font-family: verdana, geneva, sans-serif; font-size: 10pt;\">(Text und Bild: Tim Schneider)<\/span><\/p>\n<p><span style=\"font-family: verdana, geneva, sans-serif; font-size: 10pt;\">In Fortf\u00fchrung der Kooperation zwischen dem Bund Deutscher Rechtspfleger, Landesverband Hamburg e.V. (BDR Hamburg), den Hamburger Amtsgerichten und der Justizbeh\u00f6rde Hamburg war die Hamburger Justiz am 22.08.2017 auch auf der Berufemesse 2017 der Herderschule in L\u00fcneburg vertreten. Nach der Berufsmesse am 01.02.2017 in Geesthacht konnte somit bereits die zweite Messepr\u00e4senz in diesem Jahr aufgrund dieser Kooperation erm\u00f6glicht werden.<\/span><\/p>\n<p><span style=\"font-family: verdana, geneva, sans-serif; font-size: 10pt;\">Vor Ort wurde der Rechtspfleger und Schatzmeister des BDR Hamburg Tim Schneider durch zwei extra aus Hildesheim angereiste Rechtspflegeranw\u00e4rterinnen unterst\u00fctzt, die nach erfolgreichem Studienabschluss in wenigen Wochen ihre T\u00e4tigkeiten als Hamburger Rechtspflegerinnen aufnehmen werden.<\/span><\/p>\n<p><span style=\"font-family: verdana, geneva, sans-serif; font-size: 10pt;\">Deshalb konnte sehr pers\u00f6nlich und lebensnah auf die Fragen der Sch\u00fcler*innen zu den Themen Studium, Studieninhalte und Jobperspektiven eingegangen werden, die sich f\u00fcr eine Laufbahn als Rechtspfleger*in interessieren. Aber nat\u00fcrlich wurden auch alle Sch\u00fcler*innen umfangreich informiert und mit Material versorgt, deren Interesse eher bei einer Laufbahn als Justizsekret\u00e4r*in oder Justizfachangestellte*r liegt. Der BDR Hamburg dankt dabei den beiden Anw\u00e4rterinnen noch einmal ausdr\u00fccklich f\u00fcr den tollen Einsatz!<\/span><\/p>\n<p><span style=\"font-family: verdana, geneva, sans-serif; font-size: 10pt;\">Es besteht die Hoffnung, dass auch die Messepr\u00e4senz vom 22.08.2017 einen kleinen Beitrag zur Gewinnung guter Nachwuchskr\u00e4fte leisten konnte. Wir freuen uns \u00fcber jede Nachwuchskraft, die sich f\u00fcr eine Laufbahn in der Justiz entscheidet und durch eine gute Ausbildung zu einer tollen neuen Kollegin oder einem tollen neuen Kollegen heranreift.<\/span><\/p>\n<p><img loading=\"lazy\" decoding=\"async\" class=\"aligncenter wp-image-381\" src=\"https:\/\/bdr-hamburg.de\/wp-content\/uploads\/bdrberufemesse170822-300x225.jpg\" alt=\"\" width=\"600\" height=\"450\" srcset=\"https:\/\/bdr-hamburg.de\/wp-content\/uploads\/bdrberufemesse170822-300x225.jpg 300w, https:\/\/bdr-hamburg.de\/wp-content\/uploads\/bdrberufemesse170822-678x509.jpg 678w, https:\/\/bdr-hamburg.de\/wp-content\/uploads\/bdrberufemesse170822-326x245.jpg 326w, https:\/\/bdr-hamburg.de\/wp-content\/uploads\/bdrberufemesse170822-80x60.jpg 80w, https:\/\/bdr-hamburg.de\/wp-content\/uploads\/bdrberufemesse170822.jpg 700w\" sizes=\"auto, (max-width: 600px) 100vw, 600px\" \/><\/p>\n","protected":false},"excerpt":{"rendered":"<div class=\"mh-excerpt\"><p>(Text und Bild: Tim Schneider) In Fortf\u00fchrung der Kooperation zwischen dem Bund Deutscher Rechtspfleger, Landesverband Hamburg e.V. (BDR Hamburg), den Hamburger Amtsgerichten und der Justizbeh\u00f6rde <a class=\"mh-excerpt-more\" href=\"https:\/\/bdr-hamburg.de\/?p=379\" title=\"Der BDR Landesverband Hamburg bei der Berufemesse 2017 in L\u00fcneburg\">[&#8230;]<\/a><\/p>\n<\/div>","protected":false},"author":1,"featured_media":381,"comment_status":"closed","ping_status":"open","sticky":false,"template":"","format":"standard","meta":{"_crdt_document":"","cybocfi_hide_featured_image":"yes","footnotes":""},"categories":[1],"tags":[],"class_list":["post-379","post","type-post","status-publish","format-standard","has-post-thumbnail","hentry","category-aktuelles"],"_links":{"self":[{"href":"https:\/\/bdr-hamburg.de\/index.php?rest_route=\/wp\/v2\/posts\/379","targetHints":{"allow":["GET"]}}],"collection":[{"href":"https:\/\/bdr-hamburg.de\/index.php?rest_route=\/wp\/v2\/posts"}],"about":[{"href":"https:\/\/bdr-hamburg.de\/index.php?rest_route=\/wp\/v2\/types\/post"}],"author":[{"embeddable":true,"href":"https:\/\/bdr-hamburg.de\/index.php?rest_route=\/wp\/v2\/users\/1"}],"replies":[{"embeddable":true,"href":"https:\/\/bdr-hamburg.de\/index.php?rest_route=%2Fwp%2Fv2%2Fcomments&post=379"}],"version-history":[{"count":8,"href":"https:\/\/bdr-hamburg.de\/index.php?rest_route=\/wp\/v2\/posts\/379\/revisions"}],"predecessor-version":[{"id":1210,"href":"https:\/\/bdr-hamburg.de\/index.php?rest_route=\/wp\/v2\/posts\/379\/revisions\/1210"}],"wp:featuredmedia":[{"embeddable":true,"href":"https:\/\/bdr-hamburg.de\/index.php?rest_route=\/wp\/v2\/media\/381"}],"wp:attachment":[{"href":"https:\/\/bdr-hamburg.de\/index.php?rest_route=%2Fwp%2Fv2%2Fmedia&parent=379"}],"wp:term":[{"taxonomy":"category","embeddable":true,"href":"https:\/\/bdr-hamburg.de\/index.php?rest_route=%2Fwp%2Fv2%2Fcategories&post=379"},{"taxonomy":"post_tag","embeddable":true,"href":"https:\/\/bdr-hamburg.de\/index.php?rest_route=%2Fwp%2Fv2%2Ftags&post=379"}],"curies":[{"name":"wp","href":"https:\/\/api.w.org\/{rel}","templated":true}]}}