{"id":368,"date":"2017-08-21T20:25:24","date_gmt":"2017-08-21T18:25:24","guid":{"rendered":"https:\/\/bdr-hamburg.de\/?p=368"},"modified":"2025-07-21T18:16:36","modified_gmt":"2025-07-21T16:16:36","slug":"rechtspflegerseminar-am-20-09-2017","status":"publish","type":"post","link":"https:\/\/bdr-hamburg.de\/?p=368","title":{"rendered":"Rechtspflegerseminar am 20.09.2017"},"content":{"rendered":"<div><span style=\"font-family: Verdana; font-size: small;\">Das diesj\u00e4hrigen <b>Rechtspflegerseminar<\/b> des BDR Hamburg findet<b> <\/b>am<b> Mittwoch, 20.09.2017, <\/b>statt. <\/span><\/div>\n<div><span style=\"font-family: Verdana; font-size: small;\">\u00a0<\/span><\/div>\n<div><span style=\"font-family: Verdana; font-size: small;\">In diesem Jahr haben wir ein Programm zusammengestellt, dass sich nicht nur mit fachlichen Themen auseinandersetzt:<\/span><\/div>\n<div><\/div>\n<div><span style=\"font-family: Verdana; font-size: small;\">Es wird einen Vortrag zum Thema \u201e<b>Anh\u00f6rungstechniken bei Demenz uns psychischer Erkrankung\u201c<\/b> geben, der insbesondere f\u00fcr die Kolleginnen und Kollegen aus der Betreuung interessant sein d\u00fcrfte. \u201eWie gehe ich mit solch erkrankten Betroffenen um? Was zeichnet das Krankheitsbild? Was muss ich beachten?\u201c Dies sind einige Fragen, die im Rahmen des Vortrags er\u00f6rtert werden sollen und gerade auch in Hinblick auf die immer \u00e4lter werdende Gesellschaft wichtig werden. <\/span><\/div>\n<div><span style=\"font-family: Verdana; font-size: small;\">\u00a0<\/span><\/div>\n<div><span style=\"font-family: Verdana; font-size: small;\">Als weiteres Thema haben wir uns f\u00fcr die \u201e<b>Generation Y\u201c<\/b> entschieden. Als Generation Y bezeichnet man die Generation, die in den Jahren 1980 \u2013 2000 geboren wurde. Gerade die in den 1990er Jahren Geborenen werden nun immer mehr zu unseren neuen Kolleginnen und Kollegen oder Anw\u00e4rterinnen und Anw\u00e4rtern. Da die Zahlen der Anw\u00e4rter sprunghaft gestiegen sind, werden viele Rechtspflegerinnen und Rechtspfleger mit Anw\u00e4rtern bzw. neuen Kollegen aus der Generation Y Kontakt haben. Dabei setzt sich der Seminarteil mit den Fragen wie \u201eWie ticken die? Warum sind die so anders? Was wollen die eigentlich?\u201c auseinander. <\/span><\/div>\n<div><span style=\"font-family: Verdana; font-size: small;\">\u00a0<\/span><\/div>\n<div><span style=\"font-family: Verdana; font-size: small;\">Weitere Details k\u00f6nnen Sie dem\u00a0<a href=\"https:\/\/bdr-hamburg.de\/wp-content\/uploads\/Einladung_Seminar_2017.pdf\" target=\"_blank\" rel=\"noopener\">Einladungsschreiben<\/a>\u00a0entnehmen.<\/span><\/div>\n<div><span style=\"font-family: Verdana; font-size: small;\">\u00a0<\/span><\/div>\n<div><span style=\"font-family: Verdana; font-size: small;\">Interesse? Ihre Anmeldung f\u00fcr das Seminar \u00fcbersenden Sie gerne an diese <a href=\"mailto:bdrhamburg@ag.justiz.hamburg.de\"><u>Mailadresse<\/u><\/a>.<\/span><\/div>\n<div><\/div>\n<div><\/div>\n<div><\/div>\n","protected":false},"excerpt":{"rendered":"<div class=\"mh-excerpt\"><p>Das diesj\u00e4hrigen Rechtspflegerseminar des BDR Hamburg findet am Mittwoch, 20.09.2017, statt. \u00a0 In diesem Jahr haben wir ein Programm zusammengestellt, dass sich nicht nur mit <a class=\"mh-excerpt-more\" href=\"https:\/\/bdr-hamburg.de\/?p=368\" title=\"Rechtspflegerseminar am 20.09.2017\">[&#8230;]<\/a><\/p>\n<\/div>","protected":false},"author":1,"featured_media":1153,"comment_status":"closed","ping_status":"open","sticky":false,"template":"","format":"standard","meta":{"_crdt_document":"","cybocfi_hide_featured_image":"yes","footnotes":""},"categories":[1,8],"tags":[],"class_list":["post-368","post","type-post","status-publish","format-standard","has-post-thumbnail","hentry","category-aktuelles","category-rechtspflegerseminar"],"_links":{"self":[{"href":"https:\/\/bdr-hamburg.de\/index.php?rest_route=\/wp\/v2\/posts\/368","targetHints":{"allow":["GET"]}}],"collection":[{"href":"https:\/\/bdr-hamburg.de\/index.php?rest_route=\/wp\/v2\/posts"}],"about":[{"href":"https:\/\/bdr-hamburg.de\/index.php?rest_route=\/wp\/v2\/types\/post"}],"author":[{"embeddable":true,"href":"https:\/\/bdr-hamburg.de\/index.php?rest_route=\/wp\/v2\/users\/1"}],"replies":[{"embeddable":true,"href":"https:\/\/bdr-hamburg.de\/index.php?rest_route=%2Fwp%2Fv2%2Fcomments&post=368"}],"version-history":[{"count":6,"href":"https:\/\/bdr-hamburg.de\/index.php?rest_route=\/wp\/v2\/posts\/368\/revisions"}],"predecessor-version":[{"id":1365,"href":"https:\/\/bdr-hamburg.de\/index.php?rest_route=\/wp\/v2\/posts\/368\/revisions\/1365"}],"wp:featuredmedia":[{"embeddable":true,"href":"https:\/\/bdr-hamburg.de\/index.php?rest_route=\/wp\/v2\/media\/1153"}],"wp:attachment":[{"href":"https:\/\/bdr-hamburg.de\/index.php?rest_route=%2Fwp%2Fv2%2Fmedia&parent=368"}],"wp:term":[{"taxonomy":"category","embeddable":true,"href":"https:\/\/bdr-hamburg.de\/index.php?rest_route=%2Fwp%2Fv2%2Fcategories&post=368"},{"taxonomy":"post_tag","embeddable":true,"href":"https:\/\/bdr-hamburg.de\/index.php?rest_route=%2Fwp%2Fv2%2Ftags&post=368"}],"curies":[{"name":"wp","href":"https:\/\/api.w.org\/{rel}","templated":true}]}}