{"id":1645,"date":"2025-11-12T19:45:07","date_gmt":"2025-11-12T17:45:07","guid":{"rendered":"https:\/\/bdr-hamburg.de\/?p=1645"},"modified":"2025-11-12T21:09:57","modified_gmt":"2025-11-12T19:09:57","slug":"tagung-des-praesidiums-des-bunds-deutscher-rechtspfleger-in-potsdam","status":"publish","type":"post","link":"https:\/\/bdr-hamburg.de\/?p=1645","title":{"rendered":"Tagung des Pr\u00e4sidiums des Bundes Deutscher Rechtspfleger in Potsdam"},"content":{"rendered":"<p>Vom 07. &#8211; 09. November 2025 fand die Tagung des Pr\u00e4sidiums des Bundes Deutscher Rechtspfleger (BDR) in Potsdam statt. Vertreterinnen und Vertreter aus den verschiedenen BDR-Landesverb\u00e4nden sowie der Bundesleitung kamen zusammen, um aktuelle Entwicklungen, Projekte und geplante Veranstaltungen zu er\u00f6rtern. F\u00fcr den BDR Hamburg nahm der Landesvorsitzende S\u00f6ren Georg Sauer und die stellvertretende Landesvorsitzende Julia Lange teil. Dar\u00fcber hinaus war auch Karolin Korschikowski, Bundessatzmeisterin des BDR und Schatzmeisterin des BDR Hamburg nach Potsdam gereist. Volker Laedtke \u2013 Beisitzer des BDR Hamburg \u2013 nahm als besonderer Gast der Bundesleitung ebenfalls teil, so dass Hamburg sehr gut repr\u00e4sentiert war.<\/p>\n<p>Im Mittelpunkt der Beratungen standen u. a. die Themen <strong>\u00d6ffentlichkeitsarbeit und Mitgliederwerbung<\/strong>. Der BDR nutzt aktuell die sozialen Medien Instagram (<a href=\"https:\/\/www.instagram.com\/bdrbund\/\">Bund Deutscher Rechtspfleger (@bdrbund) \u2022 Instagram-Fotos und -Videos<\/a>) und Facebook (<a href=\"https:\/\/www.facebook.com\/bdrbund\/\">Bund Deutscher Rechtspfleger | Facebook<\/a>) aktiv. Au\u00dferdem wird gerade die Erweiterung der Onlinepr\u00e4senz auf LinkedIn gepr\u00fcft. Zudem gab die Bundesleitung neben den normalen Pressekontakten ein Interview f\u00fcr das Onlinemagazin <em>verfassungsblog.de<\/em>, in dem insbesondere der Umgang mit Verfassungsfeinden im beruflichen Kontext der Rechtspflegerinnen und Rechtspfleger thematisiert wurde.<\/p>\n<p>Der <strong>Bericht der BDR-Bundesleitung<\/strong> und der <strong>BDR-Landesverb\u00e4nde<\/strong> zeigte \u00e4u\u00dferst z\u00f6gerliche Entwicklungen bei der Personalgewinnung: Lediglich in Baden-W\u00fcrttemberg wurde das Eingangsamt f\u00fcr Rechtspflegerinnen und Rechtspfleger auf A10 angehoben \u2013 eine Forderung, die der BDR Hamburg bereits mehrfach bei der Beh\u00f6rde f\u00fcr Justiz und Verbraucherschutz vortrug. Im Saarland f\u00fchrt ein Sonderzuschlag von 50\u202f% f\u00fcr Anw\u00e4rterinnen und Anw\u00e4rter zu einer gesteigerten Zahl und Qualit\u00e4t von Bewerbungen \u2013 ebenfalls auch eine Forderung des BDR Hamburg f\u00fcr das hiesige Bundesland. In den \u00fcbrigen Bundesl\u00e4ndern sind bisher \u2013 trotz entsprechenden Aufforderungen der jeweiligen BDR-Landesverb\u00e4nde \u2013 keine Bewegungen in diese Richtung zu einem Abschluss gekommen.<\/p>\n<p>Weitere Themen der Tagung waren das <strong>Jugendpr\u00e4sidium <\/strong>sowie das <strong>SocialMedia-Team<\/strong>, die finanzielle Situation des BDR und m\u00f6gliche Anpassungen der Mitgliedsbeitr\u00e4ge an die Inflation. Auch wurde die Planung der kommenden Veranstaltungen besprochen:<\/p>\n<ul>\n<li><strong>BDRhauptstadtFORUM:<\/strong> 20. April 2026, Bremische Landesvertretung, Berlin<\/li>\n<li><strong>Sommerfest:<\/strong> 8. Juni 2026, Gerichtsgarten des Oberverwaltungsgerichts Berlin-Brandenburg, Berlin<\/li>\n<li><strong>Rechtspflegertag:<\/strong> 22.\u201325. September 2026, Erfurt<\/li>\n<li><strong>Fortbildung in Bad Boll:<\/strong> 19.\u201321. November 2025 zum Thema \u201eSchutz und F\u00fcrsorgepflicht des Dienstherrn\u201c, Ev. Akademie, Bad Boll (<a href=\"https:\/\/www.ev-akademie-boll.de\/tagung\/520425.html\">Tagung: Ev. Akademie Bad Boll<\/a>)<\/li>\n<\/ul>\n<p>Abschlie\u00dfend berichteten die Kommissionen \u00fcber aktuelle Entwicklungen in den Bereichen Berufsrecht, Betreuung und Familiensachen, E-Justiz, Grundbuch, Handels- und Registerrecht, Insolvenz- und Nachlassrecht, Straf- und Zwangsvollstreckung und deren Stellungnahmen in die Rechtsetzungsverfahren in der Bundespolitik.<\/p>\n<p>Die Tagung in Potsdam unterstreicht das kontinuierliche Engagement des BDR f\u00fcr die berufliche Weiterentwicklung der Rechtspflegerinnen und Rechtspfleger sowie f\u00fcr eine transparente und zukunftsorientierte Verbandsarbeit. Dies zeigen insbesondere auch die aktiven Nachfragen aus der Bundespolitik, seien es \u00a0durch die allgemeinen Mitglieder des Bundestages gleicherma\u00dfen wie die Bundesjustizministerin Stefanie Hubig (<a href=\"https:\/\/www.bdr-online.de\/aktuelles\/news\/antrittsbesuch-bei-der-neuen-bundesjustizministerin-dr-stefanie-hubig\/\">Antrittsbesuch bei der neuen Bundesjustizministerin Dr. Stefanie Hubig | BDR Bund Deutscher Rechtspfleger<\/a>).<\/p>\n\n<div class=\"wp-block-image\">\n<figure class=\"aligncenter size-full\"><img loading=\"lazy\" decoding=\"async\" width=\"678\" height=\"509\" src=\"https:\/\/bdr-hamburg.de\/wp-content\/uploads\/bdrpotsdam2025-3web.jpg\" alt=\"Blick in einen Tagungsraum\" class=\"wp-image-1651\" srcset=\"https:\/\/bdr-hamburg.de\/wp-content\/uploads\/bdrpotsdam2025-3web.jpg 678w, https:\/\/bdr-hamburg.de\/wp-content\/uploads\/bdrpotsdam2025-3web-300x225.jpg 300w, https:\/\/bdr-hamburg.de\/wp-content\/uploads\/bdrpotsdam2025-3web-326x245.jpg 326w, https:\/\/bdr-hamburg.de\/wp-content\/uploads\/bdrpotsdam2025-3web-80x60.jpg 80w\" sizes=\"auto, (max-width: 678px) 100vw, 678px\" \/><\/figure>\n<\/div>\n\n<div class=\"wp-block-image\">\n<figure class=\"aligncenter size-full\"><img loading=\"lazy\" decoding=\"async\" width=\"509\" height=\"678\" src=\"https:\/\/bdr-hamburg.de\/wp-content\/uploads\/bdrpotsdam2025-2web.jpg\" alt=\"Steinfiguren unter einem S\u00e4ulenportal, hinten Geb\u00e4ude und eine Kuppel\" class=\"wp-image-1648\" srcset=\"https:\/\/bdr-hamburg.de\/wp-content\/uploads\/bdrpotsdam2025-2web.jpg 509w, https:\/\/bdr-hamburg.de\/wp-content\/uploads\/bdrpotsdam2025-2web-225x300.jpg 225w\" sizes=\"auto, (max-width: 509px) 100vw, 509px\" \/><\/figure>\n<\/div>","protected":false},"excerpt":{"rendered":"<div class=\"mh-excerpt\"><p>Vom 07. &#8211; 09. November 2025 fand die Tagung des Pr\u00e4sidiums des Bundes Deutscher Rechtspfleger (BDR) in Potsdam statt. Vertreterinnen und Vertreter aus den verschiedenen <a class=\"mh-excerpt-more\" href=\"https:\/\/bdr-hamburg.de\/?p=1645\" title=\"Tagung des Pr\u00e4sidiums des Bundes Deutscher Rechtspfleger in Potsdam\">[&#8230;]<\/a><\/p>\n<\/div>","protected":false},"author":1,"featured_media":1647,"comment_status":"closed","ping_status":"open","sticky":false,"template":"","format":"standard","meta":{"_crdt_document":"","cybocfi_hide_featured_image":"","footnotes":""},"categories":[1],"tags":[],"class_list":["post-1645","post","type-post","status-publish","format-standard","has-post-thumbnail","hentry","category-aktuelles"],"_links":{"self":[{"href":"https:\/\/bdr-hamburg.de\/index.php?rest_route=\/wp\/v2\/posts\/1645","targetHints":{"allow":["GET"]}}],"collection":[{"href":"https:\/\/bdr-hamburg.de\/index.php?rest_route=\/wp\/v2\/posts"}],"about":[{"href":"https:\/\/bdr-hamburg.de\/index.php?rest_route=\/wp\/v2\/types\/post"}],"author":[{"embeddable":true,"href":"https:\/\/bdr-hamburg.de\/index.php?rest_route=\/wp\/v2\/users\/1"}],"replies":[{"embeddable":true,"href":"https:\/\/bdr-hamburg.de\/index.php?rest_route=%2Fwp%2Fv2%2Fcomments&post=1645"}],"version-history":[{"count":5,"href":"https:\/\/bdr-hamburg.de\/index.php?rest_route=\/wp\/v2\/posts\/1645\/revisions"}],"predecessor-version":[{"id":1654,"href":"https:\/\/bdr-hamburg.de\/index.php?rest_route=\/wp\/v2\/posts\/1645\/revisions\/1654"}],"wp:featuredmedia":[{"embeddable":true,"href":"https:\/\/bdr-hamburg.de\/index.php?rest_route=\/wp\/v2\/media\/1647"}],"wp:attachment":[{"href":"https:\/\/bdr-hamburg.de\/index.php?rest_route=%2Fwp%2Fv2%2Fmedia&parent=1645"}],"wp:term":[{"taxonomy":"category","embeddable":true,"href":"https:\/\/bdr-hamburg.de\/index.php?rest_route=%2Fwp%2Fv2%2Fcategories&post=1645"},{"taxonomy":"post_tag","embeddable":true,"href":"https:\/\/bdr-hamburg.de\/index.php?rest_route=%2Fwp%2Fv2%2Ftags&post=1645"}],"curies":[{"name":"wp","href":"https:\/\/api.w.org\/{rel}","templated":true}]}}