{"id":142,"date":"2015-03-28T19:23:59","date_gmt":"2015-03-28T17:23:59","guid":{"rendered":"https:\/\/bdr-hamburg.de\/?p=142"},"modified":"2017-04-22T19:28:26","modified_gmt":"2017-04-22T17:28:26","slug":"geschichtstraechtige-autorenlesung-des-bdr-hamburg","status":"publish","type":"post","link":"https:\/\/bdr-hamburg.de\/?p=142","title":{"rendered":"Geschichtstr\u00e4chtige Autorenlesung des BDR Hamburg"},"content":{"rendered":"<p><span style=\"font-size: 10pt; font-family: verdana,geneva,sans-serif;\">Bereits zum sechsten Mal konnte der Landesvorsitzende Volker Laedtke die G\u00e4ste der Autorenlesung im Amtsgericht Hamburg-Altona begr\u00fc\u00dfen. Robert Brack las aus seinem Buch &#8222;Blutsonntag\u201c. Eingebettet in eine fiktive Rahmenhandlung und mit zahlreichen Originalzitaten versehen beleuchtet Brack die Ereignisse am 17.07.1932. An diesem Tag fand in Altona eine SA-Demonstration statt, die mit Stra\u00dfenschlachten und 18 Toten endete. Zwei der Toten sind vermutlich von Kommunisten erschossen worden, die \u00fcbrigen mutma\u00dflich von Polizeieinheiten. Die Ermittlungen der Justiz richteten sich einseitig gegen die Kommunisten, f\u00fchrten jedoch zu keinem Ergebnis. Nach der Machtergreifung der Nationalsozialisten wurden dennoch mehrere den Kommunisten zugerechnete junge M\u00e4nner durch ein Sondergericht in Altona zum Tode verurteilt und im Hof des heutigen Amtsgerichts Altona hingerichtet.<\/span><\/p>\n<p><span style=\"font-size: 10pt; font-family: verdana,geneva,sans-serif;\">Ebenfalls verst\u00f6rend waren die Folgen des Blutsonntages: Die Reichsregierung nutzte die Ereignisse in Altona, um die Regierung in Preu\u00dfen zu st\u00fcrzen und die demokratische Verfassung au\u00dfer Kraft zu setzen. Bis in die 1990er Jahre war auch auf den j\u00e4hrlichen Gedenkfeiern allgemeine Meinung, dass die Beh\u00f6rden alles richtig gemacht haben. Dies \u00e4nderte sich erst, als ein franz\u00f6sischer Historiker akribisch in den sehr zahlreich vorhandenen Akten forschte und belegen konnte, dass die Gewalt an jenem Tag im Wesentlichen von Polizeieinheiten ausging und die zum Tode Verurteilten die ihnen zur Last gelegten Taten nicht begangen haben. Mittlerweile sind Bruno Tesch, Walter M\u00f6ller, Karl Wolff und August L\u00fctgens rehabilitiert und ihre Namen sind im Altonaer Stadtbild pr\u00e4sent.<\/span><\/p>\n<p><span style=\"font-size: 10pt; font-family: verdana,geneva,sans-serif;\">Die zahlreichen Zuh\u00f6rer erlebten einen interessanten und nachdenklich machenden Abend und konnten sich auch nach der Lesung mit dem sehr engagierten Autor austauschen.<\/span><\/p>\n<p style=\"text-align: center;\">\n<p><img loading=\"lazy\" decoding=\"async\" class=\"alignnone  wp-image-143 aligncenter\" src=\"https:\/\/bdr-hamburg.de\/wp-content\/uploads\/bdrlesung150326-1-300x225.jpeg\" alt=\"\" width=\"451\" height=\"338\" srcset=\"https:\/\/bdr-hamburg.de\/wp-content\/uploads\/bdrlesung150326-1-300x225.jpeg 300w, https:\/\/bdr-hamburg.de\/wp-content\/uploads\/bdrlesung150326-1-678x509.jpeg 678w, https:\/\/bdr-hamburg.de\/wp-content\/uploads\/bdrlesung150326-1-326x245.jpeg 326w, https:\/\/bdr-hamburg.de\/wp-content\/uploads\/bdrlesung150326-1-80x60.jpeg 80w, https:\/\/bdr-hamburg.de\/wp-content\/uploads\/bdrlesung150326-1.jpeg 700w\" sizes=\"auto, (max-width: 451px) 100vw, 451px\" \/> <img loading=\"lazy\" decoding=\"async\" class=\"alignnone  wp-image-144 aligncenter\" src=\"https:\/\/bdr-hamburg.de\/wp-content\/uploads\/bdrlesung150326-2-300x225.jpeg\" alt=\"\" width=\"449\" height=\"337\" srcset=\"https:\/\/bdr-hamburg.de\/wp-content\/uploads\/bdrlesung150326-2-300x225.jpeg 300w, https:\/\/bdr-hamburg.de\/wp-content\/uploads\/bdrlesung150326-2-678x509.jpeg 678w, https:\/\/bdr-hamburg.de\/wp-content\/uploads\/bdrlesung150326-2-326x245.jpeg 326w, https:\/\/bdr-hamburg.de\/wp-content\/uploads\/bdrlesung150326-2-80x60.jpeg 80w, https:\/\/bdr-hamburg.de\/wp-content\/uploads\/bdrlesung150326-2.jpeg 700w\" sizes=\"auto, (max-width: 449px) 100vw, 449px\" \/> <img loading=\"lazy\" decoding=\"async\" class=\"alignnone  wp-image-145 aligncenter\" src=\"https:\/\/bdr-hamburg.de\/wp-content\/uploads\/bdrlesung150326-3-225x300.jpeg\" alt=\"\" width=\"301\" height=\"401\" srcset=\"https:\/\/bdr-hamburg.de\/wp-content\/uploads\/bdrlesung150326-3-225x300.jpeg 225w, https:\/\/bdr-hamburg.de\/wp-content\/uploads\/bdrlesung150326-3.jpeg 525w\" sizes=\"auto, (max-width: 301px) 100vw, 301px\" \/> <img loading=\"lazy\" decoding=\"async\" class=\"alignnone  wp-image-146 aligncenter\" src=\"https:\/\/bdr-hamburg.de\/wp-content\/uploads\/bdrlesung150326-4-232x300.jpeg\" alt=\"\" width=\"310\" height=\"401\" srcset=\"https:\/\/bdr-hamburg.de\/wp-content\/uploads\/bdrlesung150326-4-232x300.jpeg 232w, https:\/\/bdr-hamburg.de\/wp-content\/uploads\/bdrlesung150326-4.jpeg 542w\" sizes=\"auto, (max-width: 310px) 100vw, 310px\" \/> <img loading=\"lazy\" decoding=\"async\" class=\"alignnone  wp-image-147 aligncenter\" src=\"https:\/\/bdr-hamburg.de\/wp-content\/uploads\/bdrlesung150326-5-233x300.jpeg\" alt=\"\" width=\"303\" height=\"390\" srcset=\"https:\/\/bdr-hamburg.de\/wp-content\/uploads\/bdrlesung150326-5-233x300.jpeg 233w, https:\/\/bdr-hamburg.de\/wp-content\/uploads\/bdrlesung150326-5.jpeg 544w\" sizes=\"auto, (max-width: 303px) 100vw, 303px\" \/><\/p>\n","protected":false},"excerpt":{"rendered":"<div class=\"mh-excerpt\"><p>Bereits zum sechsten Mal konnte der Landesvorsitzende Volker Laedtke die G\u00e4ste der Autorenlesung im Amtsgericht Hamburg-Altona begr\u00fc\u00dfen. Robert Brack las aus seinem Buch &#8222;Blutsonntag\u201c. Eingebettet <a class=\"mh-excerpt-more\" href=\"https:\/\/bdr-hamburg.de\/?p=142\" title=\"Geschichtstr\u00e4chtige Autorenlesung des BDR Hamburg\">[&#8230;]<\/a><\/p>\n<\/div>","protected":false},"author":1,"featured_media":143,"comment_status":"closed","ping_status":"open","sticky":false,"template":"","format":"standard","meta":{"_crdt_document":"","cybocfi_hide_featured_image":"","footnotes":""},"categories":[4],"tags":[],"class_list":["post-142","post","type-post","status-publish","format-standard","has-post-thumbnail","hentry","category-autorenlesung"],"_links":{"self":[{"href":"https:\/\/bdr-hamburg.de\/index.php?rest_route=\/wp\/v2\/posts\/142","targetHints":{"allow":["GET"]}}],"collection":[{"href":"https:\/\/bdr-hamburg.de\/index.php?rest_route=\/wp\/v2\/posts"}],"about":[{"href":"https:\/\/bdr-hamburg.de\/index.php?rest_route=\/wp\/v2\/types\/post"}],"author":[{"embeddable":true,"href":"https:\/\/bdr-hamburg.de\/index.php?rest_route=\/wp\/v2\/users\/1"}],"replies":[{"embeddable":true,"href":"https:\/\/bdr-hamburg.de\/index.php?rest_route=%2Fwp%2Fv2%2Fcomments&post=142"}],"version-history":[{"count":1,"href":"https:\/\/bdr-hamburg.de\/index.php?rest_route=\/wp\/v2\/posts\/142\/revisions"}],"predecessor-version":[{"id":148,"href":"https:\/\/bdr-hamburg.de\/index.php?rest_route=\/wp\/v2\/posts\/142\/revisions\/148"}],"wp:featuredmedia":[{"embeddable":true,"href":"https:\/\/bdr-hamburg.de\/index.php?rest_route=\/wp\/v2\/media\/143"}],"wp:attachment":[{"href":"https:\/\/bdr-hamburg.de\/index.php?rest_route=%2Fwp%2Fv2%2Fmedia&parent=142"}],"wp:term":[{"taxonomy":"category","embeddable":true,"href":"https:\/\/bdr-hamburg.de\/index.php?rest_route=%2Fwp%2Fv2%2Fcategories&post=142"},{"taxonomy":"post_tag","embeddable":true,"href":"https:\/\/bdr-hamburg.de\/index.php?rest_route=%2Fwp%2Fv2%2Ftags&post=142"}],"curies":[{"name":"wp","href":"https:\/\/api.w.org\/{rel}","templated":true}]}}