{"id":1336,"date":"2024-07-09T18:22:04","date_gmt":"2024-07-09T16:22:04","guid":{"rendered":"https:\/\/bdr-hamburg.de\/?p=1336"},"modified":"2025-07-21T18:15:22","modified_gmt":"2025-07-21T16:15:22","slug":"nachruf-bruno-schwarcke","status":"publish","type":"post","link":"https:\/\/bdr-hamburg.de\/?p=1336","title":{"rendered":"Nachruf Bruno Schwarcke"},"content":{"rendered":"<div style=\"mso-element: para-border-div; border: solid windowtext 6.0pt; padding: 1.0pt 4.0pt 1.0pt 4.0pt; background: white;\">\n<p style=\"background: white; vertical-align: baseline; border: none; mso-border-alt: solid windowtext 6.0pt; padding: 0cm; mso-padding-alt: 1.0pt 4.0pt 1.0pt 4.0pt; margin: 1.25rem;\"><em><span style=\"font-size: 13.0pt; font-family: 'inherit',serif; mso-fareast-font-family: 'Times New Roman'; mso-fareast-theme-font: major-fareast; color: black; border: none windowtext 1.0pt; mso-border-alt: none windowtext 0cm; padding: 0cm;\">Am 3.Juli erreichte uns die traurige Nachricht, dass unser ehemaliger Landesvorsitzender,<\/span><\/em><\/p>\n<p style=\"text-align: center; background: white; vertical-align: baseline; border: none; mso-border-alt: solid windowtext 6.0pt; padding: 0cm; mso-padding-alt: 1.0pt 4.0pt 1.0pt 4.0pt; margin: 1.25rem; font-variant-ligatures: normal; font-variant-caps: normal; font-variant-numeric: inherit; font-variant-east-asian: inherit; font-variant-alternates: inherit; font-variant-position: inherit; font-stretch: inherit; line-height: inherit; font-optical-sizing: inherit; font-kerning: inherit; font-feature-settings: inherit; font-variation-settings: inherit; orphans: 2; widows: 2; -webkit-text-stroke-width: 0px; text-decoration-thickness: initial; text-decoration-style: initial; text-decoration-color: initial; word-spacing: 0px;\" align=\"center\" data-pb-node-luminance-reversed=\"true\"><em style=\"font-variant: inherit; font-weight: inherit; font-stretch: inherit; font-size: inherit; line-height: inherit; font-optical-sizing: inherit; font-kerning: inherit; font-feature-settings: inherit; font-variation-settings: inherit;\" data-pb-node-luminance-reversed=\"true\"><b><span style=\"font-size: 13.0pt; font-family: 'inherit',serif; mso-fareast-font-family: 'Times New Roman'; mso-fareast-theme-font: major-fareast; color: black; border: none windowtext 1.0pt; mso-border-alt: none windowtext 0cm; padding: 0cm;\">Herr <span class=\"SpellE\">Dipl.Rpfl<\/span>. Bruno <span class=\"SpellE\">Schwarcke<\/span><\/span><\/b><\/em><\/p>\n<p style=\"background: white; vertical-align: baseline; border: none; mso-border-alt: solid windowtext 6.0pt; padding: 0cm; mso-padding-alt: 1.0pt 4.0pt 1.0pt 4.0pt; margin: 1.25rem; font-variant-ligatures: normal; font-variant-caps: normal; font-variant-numeric: inherit; font-variant-east-asian: inherit; font-variant-alternates: inherit; font-variant-position: inherit; font-stretch: inherit; line-height: inherit; font-optical-sizing: inherit; font-kerning: inherit; font-feature-settings: inherit; font-variation-settings: inherit; orphans: 2; text-align: start; widows: 2; -webkit-text-stroke-width: 0px; text-decoration-thickness: initial; text-decoration-style: initial; text-decoration-color: initial; word-spacing: 0px;\" data-pb-node-luminance-reversed=\"true\"><em style=\"font-variant: inherit; font-weight: inherit; font-stretch: inherit; font-size: inherit; line-height: inherit; font-optical-sizing: inherit; font-kerning: inherit; font-feature-settings: inherit; font-variation-settings: inherit;\" data-pb-node-luminance-reversed=\"true\"><span data-pb-node-luminance-reversed=\"true\"><span style=\"font-size: 13.0pt; font-family: 'inherit',serif; mso-fareast-font-family: 'Times New Roman'; mso-fareast-theme-font: major-fareast; color: black; border: none windowtext 1.0pt; mso-border-alt: none windowtext 0cm; padding: 0cm;\">am 18.06.2024 im Alter von 91 Jahren verstorben ist.<\/span><\/span><\/em><\/p>\n<p style=\"background: white; vertical-align: baseline; border: none; mso-border-alt: solid windowtext 6.0pt; padding: 0cm; mso-padding-alt: 1.0pt 4.0pt 1.0pt 4.0pt; margin: 1.25rem; font-variant-ligatures: normal; font-variant-caps: normal; font-variant-numeric: inherit; font-variant-east-asian: inherit; font-variant-alternates: inherit; font-variant-position: inherit; font-stretch: inherit; line-height: inherit; font-optical-sizing: inherit; font-kerning: inherit; font-feature-settings: inherit; font-variation-settings: inherit; orphans: 2; text-align: start; widows: 2; -webkit-text-stroke-width: 0px; text-decoration-thickness: initial; text-decoration-style: initial; text-decoration-color: initial; word-spacing: 0px;\" data-pb-node-luminance-reversed=\"true\"><em style=\"font-variant: inherit; font-weight: inherit; font-stretch: inherit; font-size: inherit; line-height: inherit; font-optical-sizing: inherit; font-kerning: inherit; font-feature-settings: inherit; font-variation-settings: inherit;\" data-pb-node-luminance-reversed=\"true\"><span data-pb-node-luminance-reversed=\"true\"><span style=\"font-size: 13.0pt; font-family: 'inherit',serif; mso-fareast-font-family: 'Times New Roman'; mso-fareast-theme-font: major-fareast; color: black; border: none windowtext 1.0pt; mso-border-alt: none windowtext 0cm; padding: 0cm;\">Bruno <span class=\"SpellE\">Schwarcke<\/span> trat 1963 als 1. Kassenf\u00fchrer in den Landesvorstand ein und war f\u00fcr unseren Landesverband anschlie\u00dfend 22 Jahre in verschiedenen \u00c4mtern ehrenamtlich t\u00e4tig und hat die Verbandsarbeit damit \u00fcber viele Jahre mit gepr\u00e4gt.<\/span><\/span><\/em><\/p>\n<p style=\"background: white; vertical-align: baseline; border: none; mso-border-alt: solid windowtext 6.0pt; padding: 0cm; mso-padding-alt: 1.0pt 4.0pt 1.0pt 4.0pt; margin: 1.25rem; font-variant-ligatures: normal; font-variant-caps: normal; font-variant-numeric: inherit; font-variant-east-asian: inherit; font-variant-alternates: inherit; font-variant-position: inherit; font-stretch: inherit; line-height: inherit; font-optical-sizing: inherit; font-kerning: inherit; font-feature-settings: inherit; font-variation-settings: inherit; orphans: 2; text-align: start; widows: 2; -webkit-text-stroke-width: 0px; text-decoration-thickness: initial; text-decoration-style: initial; text-decoration-color: initial; word-spacing: 0px;\" data-pb-node-luminance-reversed=\"true\"><em style=\"font-variant: inherit; font-weight: inherit; font-stretch: inherit; font-size: inherit; line-height: inherit; font-optical-sizing: inherit; font-kerning: inherit; font-feature-settings: inherit; font-variation-settings: inherit;\" data-pb-node-luminance-reversed=\"true\"><span data-pb-node-luminance-reversed=\"true\"><span style=\"font-size: 13.0pt; font-family: 'inherit',serif; mso-fareast-font-family: 'Times New Roman'; mso-fareast-theme-font: major-fareast; color: black; border: none windowtext 1.0pt; mso-border-alt: none windowtext 0cm; padding: 0cm;\">Kolleginnen und Kollegen, die ihn noch kennenlernen durften, haben ihn als echte Pers\u00f6nlichkeit wahrgenommen und wir werden Bruno <span class=\"SpellE\">Schwarcke<\/span> als freundlichen, zugewandten und h\u00f6flichen Kollegen in Erinnerung behalten.<\/span><\/span><\/em><\/p>\n<p style=\"background: white; vertical-align: baseline; border: none; mso-border-alt: solid windowtext 6.0pt; padding: 0cm; mso-padding-alt: 1.0pt 4.0pt 1.0pt 4.0pt; margin: 1.25rem; font-variant-ligatures: normal; font-variant-caps: normal; font-variant-numeric: inherit; font-variant-east-asian: inherit; font-variant-alternates: inherit; font-variant-position: inherit; font-stretch: inherit; line-height: inherit; font-optical-sizing: inherit; font-kerning: inherit; font-feature-settings: inherit; font-variation-settings: inherit; orphans: 2; text-align: start; widows: 2; -webkit-text-stroke-width: 0px; text-decoration-thickness: initial; text-decoration-style: initial; text-decoration-color: initial; word-spacing: 0px;\" data-pb-node-luminance-reversed=\"true\"><em style=\"font-variant: inherit; font-weight: inherit; font-stretch: inherit; font-size: inherit; line-height: inherit; font-optical-sizing: inherit; font-kerning: inherit; font-feature-settings: inherit; font-variation-settings: inherit;\" data-pb-node-luminance-reversed=\"true\"><span data-pb-node-luminance-reversed=\"true\"><span style=\"font-size: 13.0pt; font-family: 'inherit',serif; mso-fareast-font-family: 'Times New Roman'; mso-fareast-theme-font: major-fareast; color: black; border: none windowtext 1.0pt; mso-border-alt: none windowtext 0cm; padding: 0cm;\">Seiner Familie sprechen wir unser aufrichtiges Beileid aus.<\/span><\/span><\/em><\/p>\n<\/div>\n\n\n<p class=\"wp-block-paragraph\"><\/p>\n","protected":false},"excerpt":{"rendered":"<div class=\"mh-excerpt\"><p>Am 3.Juli erreichte uns die traurige Nachricht, dass unser ehemaliger Landesvorsitzender, Herr Dipl.Rpfl. Bruno Schwarcke am 18.06.2024 im Alter von 91 Jahren verstorben ist. Bruno <a class=\"mh-excerpt-more\" href=\"https:\/\/bdr-hamburg.de\/?p=1336\" title=\"Nachruf Bruno Schwarcke\">[&#8230;]<\/a><\/p>\n<\/div>","protected":false},"author":1,"featured_media":1343,"comment_status":"closed","ping_status":"open","sticky":false,"template":"","format":"standard","meta":{"_crdt_document":"","cybocfi_hide_featured_image":"","footnotes":""},"categories":[1],"tags":[],"class_list":["post-1336","post","type-post","status-publish","format-standard","has-post-thumbnail","hentry","category-aktuelles"],"_links":{"self":[{"href":"https:\/\/bdr-hamburg.de\/index.php?rest_route=\/wp\/v2\/posts\/1336","targetHints":{"allow":["GET"]}}],"collection":[{"href":"https:\/\/bdr-hamburg.de\/index.php?rest_route=\/wp\/v2\/posts"}],"about":[{"href":"https:\/\/bdr-hamburg.de\/index.php?rest_route=\/wp\/v2\/types\/post"}],"author":[{"embeddable":true,"href":"https:\/\/bdr-hamburg.de\/index.php?rest_route=\/wp\/v2\/users\/1"}],"replies":[{"embeddable":true,"href":"https:\/\/bdr-hamburg.de\/index.php?rest_route=%2Fwp%2Fv2%2Fcomments&post=1336"}],"version-history":[{"count":19,"href":"https:\/\/bdr-hamburg.de\/index.php?rest_route=\/wp\/v2\/posts\/1336\/revisions"}],"predecessor-version":[{"id":1358,"href":"https:\/\/bdr-hamburg.de\/index.php?rest_route=\/wp\/v2\/posts\/1336\/revisions\/1358"}],"wp:featuredmedia":[{"embeddable":true,"href":"https:\/\/bdr-hamburg.de\/index.php?rest_route=\/wp\/v2\/media\/1343"}],"wp:attachment":[{"href":"https:\/\/bdr-hamburg.de\/index.php?rest_route=%2Fwp%2Fv2%2Fmedia&parent=1336"}],"wp:term":[{"taxonomy":"category","embeddable":true,"href":"https:\/\/bdr-hamburg.de\/index.php?rest_route=%2Fwp%2Fv2%2Fcategories&post=1336"},{"taxonomy":"post_tag","embeddable":true,"href":"https:\/\/bdr-hamburg.de\/index.php?rest_route=%2Fwp%2Fv2%2Ftags&post=1336"}],"curies":[{"name":"wp","href":"https:\/\/api.w.org\/{rel}","templated":true}]}}