{"id":119,"date":"2016-01-21T18:29:42","date_gmt":"2016-01-21T16:29:42","guid":{"rendered":"https:\/\/bdr-hamburg.de\/?p=119"},"modified":"2025-07-21T18:17:36","modified_gmt":"2025-07-21T16:17:36","slug":"gespraech-mit-justizsenator-dr-steffen-personalsituation-im-mittelpunkt","status":"publish","type":"post","link":"https:\/\/bdr-hamburg.de\/?p=119","title":{"rendered":"Gespr\u00e4ch mit Justizsenator Dr. Steffen &#8211; Personalsituation im Mittelpunkt"},"content":{"rendered":"<p><span style=\"font-size: 10pt; font-family: verdana,geneva,sans-serif;\">(Text: Christian Dennert)<\/span><\/p>\n<p><span style=\"font-size: 10pt; font-family: verdana,geneva,sans-serif;\">Am 06. Januar 2016 kamen der Landesvorstand, vertreten durch die Vorstandsmitglieder Roland Pre\u00df, Christian Dennert und Volker Laedtke, mit Justizsenator Dr. Till Steffen und dem Referenten Dr. Max Plog zu dem j\u00e4hrlichen Gespr\u00e4ch in der Justizbeh\u00f6rde zusammen.<\/span><\/p>\n<p><span style=\"font-size: 10pt; font-family: verdana,geneva,sans-serif;\">Die Personalsituation der Rechtspflegerschaft und die Forderung, die Anzahl der Rechtspflegeranw\u00e4rter erneut deutlich aufzustocken, waren wie im Vorjahr wieder die zentralen Themen des Gespr\u00e4ches. In diesem Zusammenhang wiesen die Vertreter des BDR Hamburg darauf hin, dass neben den altersbedingten und nicht altersbedingten Personalabg\u00e4ngen im letzten Jahr nur drei von m\u00f6glichen sieben Rechtspflegeranw\u00e4rtern das Studium am 01.10.2015 in Hildesheim begonnen haben. Der Landesvorsitzende Volker Laedtke machte deutlich, dass einer Entwicklung wie aktuell im Gerichtsvollzieherbereich nur in der Weise vorgebeugt werden k\u00f6nne, dass zumindest f\u00fcr die vier in 2015 eingesparten Anw\u00e4rterstellen in diesem Jahr zus\u00e4tzliche Einstellungen erfolgen. \u201e<em>Den tats\u00e4chlichen Bedarf sehen wir auf Grund steigender Pensionierungszahlen ab 2019 bei mindestens 14 Rechtspflegeranw\u00e4rtern in 2016<\/em>\u201c, konkretisierte Volker Laedtke.<\/span><\/p>\n<p><span style=\"font-size: 10pt; font-family: verdana,geneva,sans-serif;\">Der Justizsenator versicherte, dass er und seine Beh\u00f6rde die Problematik grunds\u00e4tzlich erkannt h\u00e4tten, jedoch aktuell mit einem niedrigeren Bedarf \u2013 auch unter Ber\u00fccksichtigung der Haushaltslage \u2013 planen.<\/span><\/p>\n<p><span style=\"font-size: 10pt; font-family: verdana,geneva,sans-serif;\">Weitere Themen waren u.a. die Bezuschussung der einzigen Rechtspflegerfachfortbildung in Hamburg, die der BDR Hamburg veranstaltet, der Sachstand in der Justizbeh\u00f6rde zur Aufgaben\u00fcbertragung im Bereich des Handelsregisters und die Einsparverpflichtungen der Justiz. Der BDR Hamburg bef\u00fcrwortet eine dauerhafte Freistellung von den Einsparverpflichtungen f\u00fcr die Justiz, die bereits f\u00fcr die Polizei und die Schulbeh\u00f6rde gelte. Hierbei wies Roland Pre\u00df, als Segmentsgesch\u00e4ftsleiter zust\u00e4ndig f\u00fcr das gr\u00f6\u00dfte Familiengericht in Hamburg(-Mitte), darauf hin, dass auch die Justiz derzeit stark von dem Zustrom von Fl\u00fcchtlingen in Anspruch genommen wird: f\u00fcr minderj\u00e4hrige unbegleitete Fl\u00fcchtlinge (kurz: MuFl) wird eine Vormundschaft eingerichtet und ein Vormund bestellt, der der Aufsicht des Rechtspflegers oder der Rechtspflegerin des Familiengerichtes untersteht. Allein beim Familiengericht Hamburg(-Mitte) haben sich die Verfahren in 2015 mehr als verzwanzigfacht und liegen bei \u00fcber 2.000.<\/span><\/p>\n<p><img loading=\"lazy\" decoding=\"async\" class=\"alignnone  wp-image-121 aligncenter\" src=\"https:\/\/bdr-hamburg.de\/wp-content\/uploads\/bdrsteffen160106-300x168.jpeg\" alt=\"\" width=\"430\" height=\"241\" srcset=\"https:\/\/bdr-hamburg.de\/wp-content\/uploads\/bdrsteffen160106-300x168.jpeg 300w, https:\/\/bdr-hamburg.de\/wp-content\/uploads\/bdrsteffen160106.jpeg 500w\" sizes=\"auto, (max-width: 430px) 100vw, 430px\" \/><\/p>\n<p style=\"text-align: center;\"><span style=\"font-size: 10pt; font-family: verdana,geneva,sans-serif;\">(v.l. Dennert, Pre\u00df, Dr. Steffen, Laedtke)\u00a0<\/span><\/p>\n","protected":false},"excerpt":{"rendered":"<div class=\"mh-excerpt\"><p>(Text: Christian Dennert) Am 06. Januar 2016 kamen der Landesvorstand, vertreten durch die Vorstandsmitglieder Roland Pre\u00df, Christian Dennert und Volker Laedtke, mit Justizsenator Dr. Till <a class=\"mh-excerpt-more\" href=\"https:\/\/bdr-hamburg.de\/?p=119\" title=\"Gespr\u00e4ch mit Justizsenator Dr. Steffen &#8211; Personalsituation im Mittelpunkt\">[&#8230;]<\/a><\/p>\n<\/div>","protected":false},"author":1,"featured_media":121,"comment_status":"closed","ping_status":"open","sticky":false,"template":"","format":"standard","meta":{"_crdt_document":"","cybocfi_hide_featured_image":"","footnotes":""},"categories":[1],"tags":[],"class_list":["post-119","post","type-post","status-publish","format-standard","has-post-thumbnail","hentry","category-aktuelles"],"_links":{"self":[{"href":"https:\/\/bdr-hamburg.de\/index.php?rest_route=\/wp\/v2\/posts\/119","targetHints":{"allow":["GET"]}}],"collection":[{"href":"https:\/\/bdr-hamburg.de\/index.php?rest_route=\/wp\/v2\/posts"}],"about":[{"href":"https:\/\/bdr-hamburg.de\/index.php?rest_route=\/wp\/v2\/types\/post"}],"author":[{"embeddable":true,"href":"https:\/\/bdr-hamburg.de\/index.php?rest_route=\/wp\/v2\/users\/1"}],"replies":[{"embeddable":true,"href":"https:\/\/bdr-hamburg.de\/index.php?rest_route=%2Fwp%2Fv2%2Fcomments&post=119"}],"version-history":[{"count":2,"href":"https:\/\/bdr-hamburg.de\/index.php?rest_route=\/wp\/v2\/posts\/119\/revisions"}],"predecessor-version":[{"id":122,"href":"https:\/\/bdr-hamburg.de\/index.php?rest_route=\/wp\/v2\/posts\/119\/revisions\/122"}],"wp:featuredmedia":[{"embeddable":true,"href":"https:\/\/bdr-hamburg.de\/index.php?rest_route=\/wp\/v2\/media\/121"}],"wp:attachment":[{"href":"https:\/\/bdr-hamburg.de\/index.php?rest_route=%2Fwp%2Fv2%2Fmedia&parent=119"}],"wp:term":[{"taxonomy":"category","embeddable":true,"href":"https:\/\/bdr-hamburg.de\/index.php?rest_route=%2Fwp%2Fv2%2Fcategories&post=119"},{"taxonomy":"post_tag","embeddable":true,"href":"https:\/\/bdr-hamburg.de\/index.php?rest_route=%2Fwp%2Fv2%2Ftags&post=119"}],"curies":[{"name":"wp","href":"https:\/\/api.w.org\/{rel}","templated":true}]}}