{"id":1170,"date":"2023-12-19T10:06:23","date_gmt":"2023-12-19T08:06:23","guid":{"rendered":"https:\/\/bdr-hamburg.de\/?p=1170"},"modified":"2025-07-21T18:17:19","modified_gmt":"2025-07-21T16:17:19","slug":"festveranstaltung-zum-75-jahrestag-des-bestehens-des-landesverbandes-schleswig-holstein-und-bdr-praesidiumssitzung-in-kiel","status":"publish","type":"post","link":"https:\/\/bdr-hamburg.de\/?p=1170","title":{"rendered":"Festveranstaltung zum 75. Jahrestag des Bestehens des Landesverbandes Schleswig-Holstein und BDR-Pr\u00e4sidiumssitzung in Kiel"},"content":{"rendered":"<p>Der Landesvorsitzender S\u00f6ren Sauer und der stellvertretende Landesvorsitzende Alexander Marko nahmen vom 16. bis <span class=\"__postbox-detected-content __postbox-detected-date\">17. November 2023<\/span> an der Festveranstaltung zum 75. Jahrestag des Bestehens des Landesverbandes Schleswig-Holstein sowie an der am Folgetag anschlie\u00dfenden BDR-Pr\u00e4sidiumssitzung in Kiel teil.<\/p>\n<p>Die \u00f6ffentliche Festveranstaltung am Abend des <span class=\"__postbox-detected-content __postbox-detected-date\">16. November<\/span> wurde mit dem sehr interessanten Impulsvortrag von Frau Maria Tcharnetsky vom ARIC Hamburg zum Thema \u201eK\u00fcnstliche Intelligenz \u2013 zwischen Assistenz und Entscheiderersatz\u201c er\u00f6ffnet. Es folgten u.a. Gru\u00dfworte der schleswig-holsteinischen Ministerin f\u00fcr Justiz Prof. Dr. Kerstin von der Decken und der Vorsitzenden des BDR Landesverband Schleswig-Holstein Sabine Fohler-John.<\/p>\n<p>Am Folgetag begr\u00fc\u00dfte der BDR-Bundesvorsitzende Mario Bl\u00f6dtner \u00fcber 40 Teilnehmer und G\u00e4ste, die trotz des Streiks bei der Deutschen Bahn zur Pr\u00e4sidiumssitzung angereist waren.<\/p>\n<p>Erfahrungs- und Meinungsaustausch, Generationswechsel, Berichte aus den L\u00e4ndern, aktuelle Entwicklungen in Politik, Gerichten und Staatsanwaltschaften waren Themen der Sitzung. Ebenfalls haben sich die vom Rechtspflegertag eingesetzten Kommissionen konstituiert und sind mit Schwung in ihre Arbeit eingestiegen<\/p>\n<p>Es folgte der Bericht \u00fcber die Europ\u00e4ische Union der Rechtspfleger, das Organ der in Europa t\u00e4tigen Rechtspflegerinnen und Rechtspfleger.<\/p>\n<p>(Text: Alexander Marko)<\/p>\n<p>Ebenfalls wurde aus der Runde des BDR-Pr\u00e4sidiums der ehemalige Landesvorsitzende Christian Dennert verabschiedet und ihm wurde f\u00fcr seine langj\u00e4hrigen Dienste f\u00fcr die Rechtspflegerinnen und Rechtspfleger herzlich gedankt.<\/p>\n\n<div class=\"wp-block-image\">\n<figure class=\"aligncenter size-full is-resized\"><img loading=\"lazy\" decoding=\"async\" width=\"640\" height=\"360\" src=\"https:\/\/bdr-hamburg.de\/wp-content\/uploads\/bdrpraesidiumssitzung2023-01.jpg\" alt=\"\" class=\"wp-image-1185\" style=\"width:572px;height:auto\" srcset=\"https:\/\/bdr-hamburg.de\/wp-content\/uploads\/bdrpraesidiumssitzung2023-01.jpg 640w, https:\/\/bdr-hamburg.de\/wp-content\/uploads\/bdrpraesidiumssitzung2023-01-300x169.jpg 300w\" sizes=\"auto, (max-width: 640px) 100vw, 640px\" \/><\/figure>\n<\/div>\n\n<div class=\"wp-block-image\">\n<figure class=\"aligncenter size-full is-resized\"><img loading=\"lazy\" decoding=\"async\" width=\"640\" height=\"360\" src=\"https:\/\/bdr-hamburg.de\/wp-content\/uploads\/bdrpraesidiumssitzung2023-2.jpg\" alt=\"\" class=\"wp-image-1186\" style=\"width:576px;height:auto\" srcset=\"https:\/\/bdr-hamburg.de\/wp-content\/uploads\/bdrpraesidiumssitzung2023-2.jpg 640w, https:\/\/bdr-hamburg.de\/wp-content\/uploads\/bdrpraesidiumssitzung2023-2-300x169.jpg 300w\" sizes=\"auto, (max-width: 640px) 100vw, 640px\" \/><\/figure>\n<\/div>","protected":false},"excerpt":{"rendered":"<div class=\"mh-excerpt\"><p>Der Landesvorsitzender S\u00f6ren Sauer und der stellvertretende Landesvorsitzende Alexander Marko nahmen vom 16. bis 17. November 2023 an der Festveranstaltung zum 75. Jahrestag des Bestehens <a class=\"mh-excerpt-more\" href=\"https:\/\/bdr-hamburg.de\/?p=1170\" title=\"Festveranstaltung zum 75. Jahrestag des Bestehens des Landesverbandes Schleswig-Holstein und BDR-Pr\u00e4sidiumssitzung in Kiel\">[&#8230;]<\/a><\/p>\n<\/div>","protected":false},"author":1,"featured_media":1185,"comment_status":"closed","ping_status":"open","sticky":false,"template":"","format":"standard","meta":{"_crdt_document":"","cybocfi_hide_featured_image":"yes","footnotes":""},"categories":[1],"tags":[],"class_list":["post-1170","post","type-post","status-publish","format-standard","has-post-thumbnail","hentry","category-aktuelles"],"_links":{"self":[{"href":"https:\/\/bdr-hamburg.de\/index.php?rest_route=\/wp\/v2\/posts\/1170","targetHints":{"allow":["GET"]}}],"collection":[{"href":"https:\/\/bdr-hamburg.de\/index.php?rest_route=\/wp\/v2\/posts"}],"about":[{"href":"https:\/\/bdr-hamburg.de\/index.php?rest_route=\/wp\/v2\/types\/post"}],"author":[{"embeddable":true,"href":"https:\/\/bdr-hamburg.de\/index.php?rest_route=\/wp\/v2\/users\/1"}],"replies":[{"embeddable":true,"href":"https:\/\/bdr-hamburg.de\/index.php?rest_route=%2Fwp%2Fv2%2Fcomments&post=1170"}],"version-history":[{"count":3,"href":"https:\/\/bdr-hamburg.de\/index.php?rest_route=\/wp\/v2\/posts\/1170\/revisions"}],"predecessor-version":[{"id":1188,"href":"https:\/\/bdr-hamburg.de\/index.php?rest_route=\/wp\/v2\/posts\/1170\/revisions\/1188"}],"wp:featuredmedia":[{"embeddable":true,"href":"https:\/\/bdr-hamburg.de\/index.php?rest_route=\/wp\/v2\/media\/1185"}],"wp:attachment":[{"href":"https:\/\/bdr-hamburg.de\/index.php?rest_route=%2Fwp%2Fv2%2Fmedia&parent=1170"}],"wp:term":[{"taxonomy":"category","embeddable":true,"href":"https:\/\/bdr-hamburg.de\/index.php?rest_route=%2Fwp%2Fv2%2Fcategories&post=1170"},{"taxonomy":"post_tag","embeddable":true,"href":"https:\/\/bdr-hamburg.de\/index.php?rest_route=%2Fwp%2Fv2%2Ftags&post=1170"}],"curies":[{"name":"wp","href":"https:\/\/api.w.org\/{rel}","templated":true}]}}