{"id":107,"date":"2015-12-08T18:09:01","date_gmt":"2015-12-08T16:09:01","guid":{"rendered":"https:\/\/bdr-hamburg.de\/?p=107"},"modified":"2025-07-21T18:17:36","modified_gmt":"2025-07-21T16:17:36","slug":"resolution-gegen-fremdenfeindlichkeit-und-rassismus","status":"publish","type":"post","link":"https:\/\/bdr-hamburg.de\/?p=107","title":{"rendered":"Resolution gegen Fremdenfeindlichkeit und Rassismus"},"content":{"rendered":"<p><span style=\"font-family: verdana,geneva,sans-serif; font-size: 10pt;\"><strong>Das Pr\u00e4sidium des Bundes Deutscher Rechtspfleger hat am 4. Dezember 2015 auf seiner Herbsttagung einstimmig eine Resolution gegen Fremdenfeindlichkeit und Rassismus verabschiedet. Der Resolution war eine Initiative des BDR Hamburg vorausgegangen.<\/strong><\/span><\/p>\n<p><span style=\"font-family: verdana,geneva,sans-serif; font-size: 10pt;\"><strong>Die Resolution im Wortlaut:<\/strong><\/span><\/p>\n<p>&nbsp;<\/p>\n<p><span style=\"font-family: verdana,geneva,sans-serif; font-size: 10pt;\"><strong>Resolution gegen Fremdenfeindlichkeit und Rassismus<\/strong><\/span><\/p>\n<p><span style=\"font-family: verdana,geneva,sans-serif; font-size: 10pt;\">Das Schicksal der vielen Menschen, die aus ihrer Heimat fliehen mussten und nach einer entbehrungsreichen Flucht Deutschland erreicht haben, bewegt viele Menschen in Deutschland. Keine Rechtspflegerin und kein Rechtspfleger in Deutschland m\u00f6chte ein vergleichbares Schicksal erleiden. F\u00fcr Deutschland ist es eine gro\u00dfe Herausforderung, in einem gewaltigen Kraftakt diesen Menschen in unserem Staat eine zweite Heimat zu erm\u00f6glichen. Dies bedeutet vielleicht auch f\u00fcr uns die eine oder andere Entbehrung, die wir erbringen m\u00fcssen. Dies darf aber keine Rechtfertigung sein, Fl\u00fcchtlingen mit Ablehnung, Ausgrenzung oder Hass entgegenzutreten.\u00a0<\/span><\/p>\n<p><span style=\"font-family: verdana,geneva,sans-serif; font-size: 10pt;\">Das Pr\u00e4sidium des Bundes Deutscher Rechtspfleger erkl\u00e4rt:<\/span><\/p>\n<p><span style=\"font-family: verdana,geneva,sans-serif; font-size: 10pt;\">Wir lehnen jede Form von Ausgrenzung, Diskriminierung, Antisemitismus, Islamfeindlichkeit und religi\u00f6sem Extremismus ab.<\/span><\/p>\n<p><span style=\"font-family: verdana,geneva,sans-serif; font-size: 10pt;\">Wir sprechen uns f\u00fcr eine kulturelle Vielfalt, Demokratie, Toleranz, Respekt, Willkommenskultur und ein harmonisches Miteinander aller in Deutschland lebenden Menschen aus, unabh\u00e4ngig von Herkunft, Hautfarbe, Weltanschauung, sexueller Orientierung und Religionszugeh\u00f6rigkeit.<\/span><\/p>\n<p><span style=\"font-family: verdana,geneva,sans-serif; font-size: 10pt;\">Wir halten fest, dass Deutschland sich eine Verfassung gegeben hat, die auf Demokratie, Freiheit, Rechtsstaatlichkeit und der Achtung der Menschenw\u00fcrde basiert.<\/span><\/p>\n<p><span style=\"font-family: verdana,geneva,sans-serif; font-size: 10pt;\">Wir setzen uns daf\u00fcr ein, diese demokratischen, humanen Normen zu wahren und die Menschenrechte zu achten. Allen Verst\u00f6\u00dfen gegen die Menschenrechte, allen Verletzungen von Menschenw\u00fcrde und dem Bestreben von Extremisten, die freiheitlich demokratische Grundordnung unseres Staates zu bek\u00e4mpfen, m\u00fcssen wir entgegentreten. Wo die Feinde der Demokratie ohne gesellschaftlichen Widerspruch agieren, breitet sich Extremismus aus.<\/span><\/p>\n<p><span style=\"font-family: verdana,geneva,sans-serif; font-size: 10pt;\">Wir erkl\u00e4ren, dass die Verharmlosung menschenverachtenden Gedankenguts nicht toleriert werden darf.<\/span><\/p>\n<p><span style=\"font-family: verdana,geneva,sans-serif; font-size: 10pt;\">Wir wollen zu den j\u00fcngsten fremdenfeindlichen Ereignissen und zu den rassistischen \u00dcbergriffen in Deutschland nicht schweigen.<\/span><\/p>\n<p><span style=\"font-family: verdana,geneva,sans-serif; font-size: 10pt;\">Wir sprechen uns daher entschieden gegen Fremdenfeindlichkeit und Rassismus aus und erkl\u00e4ren, dass rechtsextremes Gedankengut keinen Platz in unserer Gesellschaft haben darf.<\/span><\/p>\n<p>&nbsp;<\/p>\n<p><span style=\"font-family: verdana,geneva,sans-serif; font-size: 10pt;\">Bund Deutscher Rechtspfleger<\/span><\/p>\n<p><span style=\"font-family: verdana,geneva,sans-serif; font-size: 10pt;\">Das Pr\u00e4sidium<\/span><\/p>\n<p><span style=\"font-family: verdana,geneva,sans-serif; font-size: 10pt;\">M\u00fcnchen, den 4. Dezember 2015<\/span><\/p>\n","protected":false},"excerpt":{"rendered":"<div class=\"mh-excerpt\"><p>Das Pr\u00e4sidium des Bundes Deutscher Rechtspfleger hat am 4. Dezember 2015 auf seiner Herbsttagung einstimmig eine Resolution gegen Fremdenfeindlichkeit und Rassismus verabschiedet. Der Resolution war <a class=\"mh-excerpt-more\" href=\"https:\/\/bdr-hamburg.de\/?p=107\" title=\"Resolution gegen Fremdenfeindlichkeit und Rassismus\">[&#8230;]<\/a><\/p>\n<\/div>","protected":false},"author":1,"featured_media":1153,"comment_status":"closed","ping_status":"open","sticky":false,"template":"","format":"standard","meta":{"_crdt_document":"","cybocfi_hide_featured_image":"yes","footnotes":""},"categories":[1],"tags":[],"class_list":["post-107","post","type-post","status-publish","format-standard","has-post-thumbnail","hentry","category-aktuelles"],"_links":{"self":[{"href":"https:\/\/bdr-hamburg.de\/index.php?rest_route=\/wp\/v2\/posts\/107","targetHints":{"allow":["GET"]}}],"collection":[{"href":"https:\/\/bdr-hamburg.de\/index.php?rest_route=\/wp\/v2\/posts"}],"about":[{"href":"https:\/\/bdr-hamburg.de\/index.php?rest_route=\/wp\/v2\/types\/post"}],"author":[{"embeddable":true,"href":"https:\/\/bdr-hamburg.de\/index.php?rest_route=\/wp\/v2\/users\/1"}],"replies":[{"embeddable":true,"href":"https:\/\/bdr-hamburg.de\/index.php?rest_route=%2Fwp%2Fv2%2Fcomments&post=107"}],"version-history":[{"count":5,"href":"https:\/\/bdr-hamburg.de\/index.php?rest_route=\/wp\/v2\/posts\/107\/revisions"}],"predecessor-version":[{"id":1359,"href":"https:\/\/bdr-hamburg.de\/index.php?rest_route=\/wp\/v2\/posts\/107\/revisions\/1359"}],"wp:featuredmedia":[{"embeddable":true,"href":"https:\/\/bdr-hamburg.de\/index.php?rest_route=\/wp\/v2\/media\/1153"}],"wp:attachment":[{"href":"https:\/\/bdr-hamburg.de\/index.php?rest_route=%2Fwp%2Fv2%2Fmedia&parent=107"}],"wp:term":[{"taxonomy":"category","embeddable":true,"href":"https:\/\/bdr-hamburg.de\/index.php?rest_route=%2Fwp%2Fv2%2Fcategories&post=107"},{"taxonomy":"post_tag","embeddable":true,"href":"https:\/\/bdr-hamburg.de\/index.php?rest_route=%2Fwp%2Fv2%2Ftags&post=107"}],"curies":[{"name":"wp","href":"https:\/\/api.w.org\/{rel}","templated":true}]}}