{"id":1058,"date":"2023-08-12T09:05:08","date_gmt":"2023-08-12T07:05:08","guid":{"rendered":"https:\/\/bdr-hamburg.de\/?p=1058"},"modified":"2025-07-21T18:17:19","modified_gmt":"2025-07-21T16:17:19","slug":"rechtspfleger-60-plus-gruppe-bildet-sich","status":"publish","type":"post","link":"https:\/\/bdr-hamburg.de\/?p=1058","title":{"rendered":"Rechtspfleger 60 plus-Gruppe bildet sich"},"content":{"rendered":"\n<p class=\"wp-block-paragraph\">Auf Initiative der beiden Kollegen Roman Forster und Volker Laedtke bildet sich innerhalb des BDR Hamburg wieder eine Gruppe f\u00fcr \u00e4ltere bzw. lebenserfahrenere Kolleginnen und Kollegen. Neu an dieser Gruppe ist, dass erstmals nicht nur Pension\u00e4re, sondern auch alle Kolleginnen und Kollegen ab 60 Jahre angesprochen werden.<\/p>\n\n\n\n<p class=\"wp-block-paragraph\">Bewusst haben sich die beiden Initiatoren deshalb auch daf\u00fcr entschieden, den Gruppennamen \u201e<em>Rechtspfleger 60+<\/em>\u201c (und nicht etwa Seniorenvertretung) zu nennen.<\/p>\n\n\n\n<p class=\"wp-block-paragraph\">Auf einen ersten Aufruf haben sich sehr schnell bereits 23 Kolleginnen und Kollegen gemeldet, die gern Teil dieser Gruppe sein m\u00f6chten. \u00dcber weitere Kolleginnen und Kollegen freuen wir uns auch.<\/p>\n\n\n\n<p class=\"wp-block-paragraph\">Ein erstes Treffen findet am <strong>12. Oktober um 15:30 Uhr im Ziviljustizgeb\u00e4ude<\/strong> (Saal des Insolvenzgerichts, Raum B 405) statt. Neben dem Wiedersehen und dem Kl\u00f6nschnack bei Kaffee und Kuchen soll es auch darum gehen, sich Gedanken dar\u00fcber machen, wie diese Gruppe mit Leben erf\u00fcllt werden kann und darum Ideen auszutauschen, was in dieser Gruppe so unternommen werden kann.<\/p>\n\n\n\n<p class=\"wp-block-paragraph\">Der BDR Hamburg freut sich auch \u00fcber spontan am Treffen teilnehmende Kolleginnen und Kollegen \u2013 gleich ob noch im aktiven Dienst befindlich oder bereits pensioniert.<\/p>\n\n\n\n<p class=\"wp-block-paragraph\">Text: Volker Laedtke<\/p>\n","protected":false},"excerpt":{"rendered":"<div class=\"mh-excerpt\"><p>Auf Initiative der beiden Kollegen Roman Forster und Volker Laedtke bildet sich innerhalb des BDR Hamburg wieder eine Gruppe f\u00fcr \u00e4ltere bzw. lebenserfahrenere Kolleginnen und <a class=\"mh-excerpt-more\" href=\"https:\/\/bdr-hamburg.de\/?p=1058\" title=\"Rechtspfleger 60 plus-Gruppe bildet sich\">[&#8230;]<\/a><\/p>\n<\/div>","protected":false},"author":1,"featured_media":1066,"comment_status":"closed","ping_status":"open","sticky":false,"template":"","format":"standard","meta":{"_crdt_document":"","cybocfi_hide_featured_image":"yes","footnotes":""},"categories":[1,46],"tags":[47],"class_list":["post-1058","post","type-post","status-publish","format-standard","has-post-thumbnail","hentry","category-aktuelles","category-rechtspfleger-60","tag-rechtspfleger-60"],"_links":{"self":[{"href":"https:\/\/bdr-hamburg.de\/index.php?rest_route=\/wp\/v2\/posts\/1058","targetHints":{"allow":["GET"]}}],"collection":[{"href":"https:\/\/bdr-hamburg.de\/index.php?rest_route=\/wp\/v2\/posts"}],"about":[{"href":"https:\/\/bdr-hamburg.de\/index.php?rest_route=\/wp\/v2\/types\/post"}],"author":[{"embeddable":true,"href":"https:\/\/bdr-hamburg.de\/index.php?rest_route=\/wp\/v2\/users\/1"}],"replies":[{"embeddable":true,"href":"https:\/\/bdr-hamburg.de\/index.php?rest_route=%2Fwp%2Fv2%2Fcomments&post=1058"}],"version-history":[{"count":2,"href":"https:\/\/bdr-hamburg.de\/index.php?rest_route=\/wp\/v2\/posts\/1058\/revisions"}],"predecessor-version":[{"id":1611,"href":"https:\/\/bdr-hamburg.de\/index.php?rest_route=\/wp\/v2\/posts\/1058\/revisions\/1611"}],"wp:featuredmedia":[{"embeddable":true,"href":"https:\/\/bdr-hamburg.de\/index.php?rest_route=\/wp\/v2\/media\/1066"}],"wp:attachment":[{"href":"https:\/\/bdr-hamburg.de\/index.php?rest_route=%2Fwp%2Fv2%2Fmedia&parent=1058"}],"wp:term":[{"taxonomy":"category","embeddable":true,"href":"https:\/\/bdr-hamburg.de\/index.php?rest_route=%2Fwp%2Fv2%2Fcategories&post=1058"},{"taxonomy":"post_tag","embeddable":true,"href":"https:\/\/bdr-hamburg.de\/index.php?rest_route=%2Fwp%2Fv2%2Ftags&post=1058"}],"curies":[{"name":"wp","href":"https:\/\/api.w.org\/{rel}","templated":true}]}}