{"id":1053,"date":"2023-08-09T19:48:58","date_gmt":"2023-08-09T17:48:58","guid":{"rendered":"https:\/\/bdr-hamburg.de\/?p=1053"},"modified":"2025-07-21T18:17:19","modified_gmt":"2025-07-21T16:17:19","slug":"hamburger-gespraeche-am-24-03-2023","status":"publish","type":"post","link":"https:\/\/bdr-hamburg.de\/?p=1053","title":{"rendered":"Hamburger Gespr\u00e4che am 24.03.2023"},"content":{"rendered":"\n<p class=\"wp-block-paragraph\">Am 24.03.2023 fanden die j\u00e4hrlichen sog. Hamburger Gespr\u00e4che auf Einladung des BDR Landesverband Hamburg statt. Die L\u00e4nder Schleswig-Holstein, Bremen, Berlin, Brandenburg, Mecklenburg-Vorpommern und Hamburg waren vertreten.<\/p>\n\n\n\n<p class=\"wp-block-paragraph\">Es wurde sich \u00fcber die Nachwuchsproblematik im Rechtspflegerbereich sowie \u00fcber Werbema\u00dfnahmen in den L\u00e4ndern zur Verbesserung dieser Situation ausgetauscht. Dabei soll nicht nur die Quantit\u00e4t eine Rolle spielen, sondern auch die Qualit\u00e4t potenzieller Bewerber und Bewerberinnen. Es wurde deutlich, dass sich die Ma\u00dfnahmen der Justizverwaltungen in den einzelnen Bundesl\u00e4ndern in H\u00e4ufigkeit und Qualit\u00e4t deutlich unterscheiden.<\/p>\n\n\n\n<p class=\"wp-block-paragraph\">Insbesondere auf die anstehende Pensionierungswelle der Babyboomer-Jahrg\u00e4nge und den allgemeinen Fachkr\u00e4ftemangel muss seitens der Landesregierungen deutlich konsequenter reagiert werden. Angesichts dessen besteht die einheitlich Forderung, dass auch die bundesweite Wiedereinf\u00fchrung des Einstiegsamtes A10 f\u00fcr die Rechtspfleger zwingend wieder in den Vordergrund gebracht werden muss.<\/p>\n\n\n\n<p class=\"wp-block-paragraph\">Letztendlich war die als schwierig einzustufende Situation an der Norddeutschen Hochschule f\u00fcr Rechtspflege (HR Nord), der FHS f\u00fcr Rechtspflege in Berlin und die deutlich bessere Situation der FHS Mecklenburg-Vorpommern in G\u00fcstrow ein Thema.<\/p>\n\n\n\n<p class=\"wp-block-paragraph\">Text: Leslie Flockenhaus<\/p>\n","protected":false},"excerpt":{"rendered":"<div class=\"mh-excerpt\"><p>Am 24.03.2023 fanden die j\u00e4hrlichen sog. Hamburger Gespr\u00e4che auf Einladung des BDR Landesverband Hamburg statt. Die L\u00e4nder Schleswig-Holstein, Bremen, Berlin, Brandenburg, Mecklenburg-Vorpommern und Hamburg waren <a class=\"mh-excerpt-more\" href=\"https:\/\/bdr-hamburg.de\/?p=1053\" title=\"Hamburger Gespr\u00e4che am 24.03.2023\">[&#8230;]<\/a><\/p>\n<\/div>","protected":false},"author":1,"featured_media":1057,"comment_status":"closed","ping_status":"open","sticky":false,"template":"","format":"standard","meta":{"_crdt_document":"","cybocfi_hide_featured_image":"","footnotes":""},"categories":[1],"tags":[],"class_list":["post-1053","post","type-post","status-publish","format-standard","has-post-thumbnail","hentry","category-aktuelles"],"_links":{"self":[{"href":"https:\/\/bdr-hamburg.de\/index.php?rest_route=\/wp\/v2\/posts\/1053","targetHints":{"allow":["GET"]}}],"collection":[{"href":"https:\/\/bdr-hamburg.de\/index.php?rest_route=\/wp\/v2\/posts"}],"about":[{"href":"https:\/\/bdr-hamburg.de\/index.php?rest_route=\/wp\/v2\/types\/post"}],"author":[{"embeddable":true,"href":"https:\/\/bdr-hamburg.de\/index.php?rest_route=\/wp\/v2\/users\/1"}],"replies":[{"embeddable":true,"href":"https:\/\/bdr-hamburg.de\/index.php?rest_route=%2Fwp%2Fv2%2Fcomments&post=1053"}],"version-history":[{"count":1,"href":"https:\/\/bdr-hamburg.de\/index.php?rest_route=\/wp\/v2\/posts\/1053\/revisions"}],"predecessor-version":[{"id":1055,"href":"https:\/\/bdr-hamburg.de\/index.php?rest_route=\/wp\/v2\/posts\/1053\/revisions\/1055"}],"wp:featuredmedia":[{"embeddable":true,"href":"https:\/\/bdr-hamburg.de\/index.php?rest_route=\/wp\/v2\/media\/1057"}],"wp:attachment":[{"href":"https:\/\/bdr-hamburg.de\/index.php?rest_route=%2Fwp%2Fv2%2Fmedia&parent=1053"}],"wp:term":[{"taxonomy":"category","embeddable":true,"href":"https:\/\/bdr-hamburg.de\/index.php?rest_route=%2Fwp%2Fv2%2Fcategories&post=1053"},{"taxonomy":"post_tag","embeddable":true,"href":"https:\/\/bdr-hamburg.de\/index.php?rest_route=%2Fwp%2Fv2%2Ftags&post=1053"}],"curies":[{"name":"wp","href":"https:\/\/api.w.org\/{rel}","templated":true}]}}